{"id":1512,"date":"2020-10-07T16:35:30","date_gmt":"2020-10-07T16:35:30","guid":{"rendered":"http:\/\/www.htcformosa.gob.ar\/?p=1512"},"modified":"2020-10-07T16:36:07","modified_gmt":"2020-10-07T16:36:07","slug":"continuan-las-jornadas-de-capacitacion-virtual-para-equipos-tecnicos-de-las-municipalidades-y-comisiones-de-fomento-de-la-provincia-de-formosa","status":"publish","type":"post","link":"http:\/\/www.htcformosa.gob.ar\/?p=1512","title":{"rendered":"Contin\u00faan las Jornadas de Capacitaci\u00f3n Virtual para Equipos T\u00e9cnicos de las Municipalidades y Comisiones de Fomento de la Provincia de Formosa"},"content":{"rendered":"<p><strong>MUNICIPALIDAD DE GENERAL LUCIO V. MANSILLA<\/strong><br \/>\nEl contexto epidemiol\u00f3gico actual, se afianzan las Jornadas virtuales de Capacitaci\u00f3n para Responsables y Empleados Municipales, en el d\u00eda de la fecha participaron de la misma, la Jefa Contable<strong> Sra. Melisa Andrea Mazo,<\/strong> el Tesorero<strong> Sr. N\u00e9stor Fabi\u00e1n Ben\u00edtez<\/strong> y el Personal Administrativo, Sr. <strong>Fernando Cardozo<\/strong> de la Municipalidad de General Lucio V. Mansilla.<br \/>\nEl equipo t\u00e9cnico del H.T.C. respondi\u00f3 y evacuo consultas sobre cuestiones t\u00e9cnicas\u00a0 referidas a los siguientes temas:\u00a0Presupuesto; Libros y Registros; R\u00e9gimen de Contrataciones \u2013 Ley N\u00b0 1.028 \u2013Modalidades; Incompatibilidades; Ley N\u00b0 1.690 Modificaci\u00f3n del C\u00f3digo Fiscal; Contratos \u2013 Formalidades y Registraci\u00f3n; Personal \u2013 Informaci\u00f3n y Bancarizaci\u00f3n; Requisitos para habilitaci\u00f3n\/autorizaci\u00f3n para la implementaci\u00f3n de sistemas de libros y registros.<br \/>\nLa intenci\u00f3n de estas jornadas, es mejorar la rendici\u00f3n y administraci\u00f3n de los fondos p\u00fablicos, entablando un dialogo fluido y permanente entre los auditores del Tribunal de Cuentas y los responsables de rendir cuentas.<\/p>\n<p>&nbsp;<\/p>\n<p><a href=\"http:\/\/www.htcformosa.gob.ar\/?attachment_id=1513\" rel=\"attachment wp-att-1513\"><img loading=\"lazy\" class=\"aligncenter wp-image-1513 size-large\" src=\"http:\/\/htcformosa.gob.ar\/wp-content\/uploads\/2020\/10\/capacitacion-mansilla-1024x768.jpeg\" alt=\"\" width=\"525\" height=\"394\" srcset=\"http:\/\/htcformosa.gob.ar\/wp-content\/uploads\/2020\/10\/capacitacion-mansilla-1024x768.jpeg 1024w, http:\/\/htcformosa.gob.ar\/wp-content\/uploads\/2020\/10\/capacitacion-mansilla-300x225.jpeg 300w, http:\/\/htcformosa.gob.ar\/wp-content\/uploads\/2020\/10\/capacitacion-mansilla-768x576.jpeg 768w, http:\/\/htcformosa.gob.ar\/wp-content\/uploads\/2020\/10\/capacitacion-mansilla.jpeg 1280w\" sizes=\"(max-width: 525px) 100vw, 525px\" \/><\/a><!--more--><\/p>\n<p><a href=\"http:\/\/www.htcformosa.gob.ar\/?attachment_id=1515\" rel=\"attachment wp-att-1515\"><img loading=\"lazy\" class=\"aligncenter wp-image-1515 size-large\" src=\"http:\/\/htcformosa.gob.ar\/wp-content\/uploads\/2020\/10\/capacitacion-mansilla--1024x768.jpeg\" alt=\"\" width=\"525\" height=\"394\" srcset=\"http:\/\/htcformosa.gob.ar\/wp-content\/uploads\/2020\/10\/capacitacion-mansilla--1024x768.jpeg 1024w, http:\/\/htcformosa.gob.ar\/wp-content\/uploads\/2020\/10\/capacitacion-mansilla--300x225.jpeg 300w, http:\/\/htcformosa.gob.ar\/wp-content\/uploads\/2020\/10\/capacitacion-mansilla--768x576.jpeg 768w, http:\/\/htcformosa.gob.ar\/wp-content\/uploads\/2020\/10\/capacitacion-mansilla-.jpeg 1280w\" sizes=\"(max-width: 525px) 100vw, 525px\" \/><\/a><\/p>\n<p><a href=\"http:\/\/www.htcformosa.gob.ar\/?attachment_id=1514\" rel=\"attachment wp-att-1514\"><img loading=\"lazy\" class=\"aligncenter wp-image-1514 size-large\" src=\"http:\/\/htcformosa.gob.ar\/wp-content\/uploads\/2020\/10\/capacitacion-mansilla-2-1024x768.jpeg\" alt=\"\" width=\"525\" height=\"394\" srcset=\"http:\/\/htcformosa.gob.ar\/wp-content\/uploads\/2020\/10\/capacitacion-mansilla-2-1024x768.jpeg 1024w, http:\/\/htcformosa.gob.ar\/wp-content\/uploads\/2020\/10\/capacitacion-mansilla-2-300x225.jpeg 300w, http:\/\/htcformosa.gob.ar\/wp-content\/uploads\/2020\/10\/capacitacion-mansilla-2-768x576.jpeg 768w, http:\/\/htcformosa.gob.ar\/wp-content\/uploads\/2020\/10\/capacitacion-mansilla-2.jpeg 1280w\" sizes=\"(max-width: 525px) 100vw, 525px\" \/><\/a><\/p>\n","protected":false},"excerpt":{"rendered":"<p>MUNICIPALIDAD DE GENERAL LUCIO V. MANSILLA El contexto epidemiol\u00f3gico actual, se afianzan las Jornadas virtuales de Capacitaci\u00f3n para Responsables y Empleados Municipales, en el d\u00eda de la fecha participaron de la misma, la Jefa Contable Sra. Melisa Andrea Mazo, el Tesorero Sr. N\u00e9stor Fabi\u00e1n Ben\u00edtez y el Personal Administrativo, Sr. Fernando Cardozo de la Municipalidad &hellip; <\/p>\n<p class=\"link-more\"><a href=\"http:\/\/www.htcformosa.gob.ar\/?p=1512\" class=\"more-link\">Continuar leyendo<span class=\"screen-reader-text\"> \u00abContin\u00faan las Jornadas de Capacitaci\u00f3n Virtual para Equipos T\u00e9cnicos de las Municipalidades y Comisiones de Fomento de la Provincia de Formosa\u00bb<\/span><\/a><\/p>\n","protected":false},"author":3,"featured_media":0,"comment_status":"open","ping_status":"open","sticky":false,"template":"","format":"standard","meta":{"ngg_post_thumbnail":0},"categories":[1],"tags":[],"_links":{"self":[{"href":"http:\/\/www.htcformosa.gob.ar\/index.php?rest_route=\/wp\/v2\/posts\/1512"}],"collection":[{"href":"http:\/\/www.htcformosa.gob.ar\/index.php?rest_route=\/wp\/v2\/posts"}],"about":[{"href":"http:\/\/www.htcformosa.gob.ar\/index.php?rest_route=\/wp\/v2\/types\/post"}],"author":[{"embeddable":true,"href":"http:\/\/www.htcformosa.gob.ar\/index.php?rest_route=\/wp\/v2\/users\/3"}],"replies":[{"embeddable":true,"href":"http:\/\/www.htcformosa.gob.ar\/index.php?rest_route=%2Fwp%2Fv2%2Fcomments&post=1512"}],"version-history":[{"count":1,"href":"http:\/\/www.htcformosa.gob.ar\/index.php?rest_route=\/wp\/v2\/posts\/1512\/revisions"}],"predecessor-version":[{"id":1516,"href":"http:\/\/www.htcformosa.gob.ar\/index.php?rest_route=\/wp\/v2\/posts\/1512\/revisions\/1516"}],"wp:attachment":[{"href":"http:\/\/www.htcformosa.gob.ar\/index.php?rest_route=%2Fwp%2Fv2%2Fmedia&parent=1512"}],"wp:term":[{"taxonomy":"category","embeddable":true,"href":"http:\/\/www.htcformosa.gob.ar\/index.php?rest_route=%2Fwp%2Fv2%2Fcategories&post=1512"},{"taxonomy":"post_tag","embeddable":true,"href":"http:\/\/www.htcformosa.gob.ar\/index.php?rest_route=%2Fwp%2Fv2%2Ftags&post=1512"}],"curies":[{"name":"wp","href":"https:\/\/api.w.org\/{rel}","templated":true}]}}