{"id":2220,"date":"2021-08-10T13:55:18","date_gmt":"2021-08-10T13:55:18","guid":{"rendered":"http:\/\/www.htcformosa.gob.ar\/?p=2220"},"modified":"2021-08-12T15:13:10","modified_gmt":"2021-08-12T15:13:10","slug":"reunion-institucional-del-honorable-tribunal-de-cuentas-y-responsables-de-las-comunas-de-laguna-naineck-y-buena-vista","status":"publish","type":"post","link":"http:\/\/www.htcformosa.gob.ar\/?p=2220","title":{"rendered":"REUNION INSTITUCIONAL DEL HONORABLE TRIBUNAL DE CUENTAS Y RESPONSABLES DE LAS COMUNAS DE LAGUNA NAINECK Y BUENA VISTA"},"content":{"rendered":"<p>En el d\u00eda de la fecha se llevo a cabo una reuni\u00f3n virtual entre el personal Profesional t\u00e9cnico de la Vocal\u00eda \u201cB\u201d del Honorable Tribunal de Cuentas y los Responsables Primigenios de la Municipalidad de Laguna Naineck y la Comisi\u00f3n de Fomento de Buena Vista. &nbsp;<\/p>\n<div style=\"width: 525px;\" class=\"wp-video\"><!--[if lt IE 9]><script>document.createElement('video');<\/script><![endif]-->\n<video class=\"wp-video-shortcode\" id=\"video-2220-1\" width=\"525\" height=\"295\" preload=\"metadata\" controls=\"controls\"><source type=\"video\/mp4\" src=\"http:\/\/htcformosa.gob.ar\/wp-content\/uploads\/2021\/08\/HTC-reunion-zoom.mp4?_=1\" \/><a href=\"http:\/\/htcformosa.gob.ar\/wp-content\/uploads\/2021\/08\/HTC-reunion-zoom.mp4\">http:\/\/htcformosa.gob.ar\/wp-content\/uploads\/2021\/08\/HTC-reunion-zoom.mp4<\/a><\/video><\/div>\n<p>El tema principal tratado en la misma, fue la comunicaci\u00f3n a los responsables, sobre la habilitaci\u00f3n para ambas comunas, de la mesa de entrada de la Delegaci\u00f3n Permanente de la Ciudad de Clorinda, ubicada en G\u00fcemes N\u00ba 715 de dicha ciudad, para la presentaci\u00f3n de Cuadernos documentales y sus respectivas rendiciones entre otras documentales. Asimismo hubo un intercambio de consultas t\u00e9cnicas por parte de las unidades organizativas de las comunas participantes con el equipo profesional de la Vocal\u00eda.<!--more--><\/p>\n<p>De la misma participaron, por parte de la Municipalidad de Laguna Naineck: el Jefe Contable Sr. Herminio Francisco Coronel, Secretario del DEM, Sr. Armando Pedro Sanabria, el Presidente del HCD Sr. Alejandro Ignacio Godoy, el Secretario de HCD Ariel Gonz\u00e1lez y la Sub Secretaria del HCD la Sra. Rosana Caballero; y el Contador Edgardo Ranulfo Ben\u00edtez en representaci\u00f3n de la Comisi\u00f3n de Fomento de Buena Vista. Por parte de la Vocal\u00eda \u201cB\u201d de este Honorable Tribunal de Cuentas participaron el Supervisor CP. Miguel \u00c1ngel Riquelme; el delegado fiscal CP. Pablo Alejandro Avila y el relator fiscal, Dr. Alejandro Ram\u00f3n Fabio.<\/p>\n<p>Los Responsables Municipales expresaron su agradecimiento por la medida adoptada por el Honorable Tribunal de Cuentas, teniendo en cuenta la cercan\u00eda de sus comunas con la ciudad de Clorinda y por las complejidades que se les generaba trasladarse hasta la ciudad de Formosa por consecuencias de la pandemia que todav\u00eda continua.<\/p>\n<p>&nbsp;<\/p>\n<p><img loading=\"lazy\" class=\"size-full wp-image-2224 aligncenter\" src=\"http:\/\/htcformosa.gob.ar\/wp-content\/uploads\/2021\/08\/Foto4.jpg\" alt=\"\" width=\"1080\" height=\"1080\" srcset=\"http:\/\/htcformosa.gob.ar\/wp-content\/uploads\/2021\/08\/Foto4.jpg 1080w, http:\/\/htcformosa.gob.ar\/wp-content\/uploads\/2021\/08\/Foto4-300x300.jpg 300w, http:\/\/htcformosa.gob.ar\/wp-content\/uploads\/2021\/08\/Foto4-1024x1024.jpg 1024w, http:\/\/htcformosa.gob.ar\/wp-content\/uploads\/2021\/08\/Foto4-150x150.jpg 150w, http:\/\/htcformosa.gob.ar\/wp-content\/uploads\/2021\/08\/Foto4-768x768.jpg 768w, http:\/\/htcformosa.gob.ar\/wp-content\/uploads\/2021\/08\/Foto4-100x100.jpg 100w\" sizes=\"(max-width: 767px) 89vw, (max-width: 1000px) 54vw, (max-width: 1071px) 543px, 580px\" \/><\/p>\n<p><img loading=\"lazy\" class=\"size-full wp-image-2225 aligncenter\" src=\"http:\/\/htcformosa.gob.ar\/wp-content\/uploads\/2021\/08\/Foto5.jpg\" alt=\"\" width=\"545\" height=\"541\" srcset=\"http:\/\/htcformosa.gob.ar\/wp-content\/uploads\/2021\/08\/Foto5.jpg 545w, http:\/\/htcformosa.gob.ar\/wp-content\/uploads\/2021\/08\/Foto5-300x298.jpg 300w, http:\/\/htcformosa.gob.ar\/wp-content\/uploads\/2021\/08\/Foto5-150x150.jpg 150w, http:\/\/htcformosa.gob.ar\/wp-content\/uploads\/2021\/08\/Foto5-100x100.jpg 100w\" sizes=\"(max-width: 545px) 100vw, 545px\" \/><\/p>\n<p>&nbsp;<\/p>\n","protected":false},"excerpt":{"rendered":"<p>En el d\u00eda de la fecha se llevo a cabo una reuni\u00f3n virtual entre el personal Profesional t\u00e9cnico de la Vocal\u00eda \u201cB\u201d del Honorable Tribunal de Cuentas y los Responsables Primigenios de la Municipalidad de Laguna Naineck y la Comisi\u00f3n de Fomento de Buena Vista. &nbsp; El tema principal tratado en la misma, fue la &hellip; <\/p>\n<p class=\"link-more\"><a href=\"http:\/\/www.htcformosa.gob.ar\/?p=2220\" class=\"more-link\">Continuar leyendo<span class=\"screen-reader-text\"> \u00abREUNION INSTITUCIONAL DEL HONORABLE TRIBUNAL DE CUENTAS Y RESPONSABLES DE LAS COMUNAS DE LAGUNA NAINECK Y BUENA VISTA\u00bb<\/span><\/a><\/p>\n","protected":false},"author":12,"featured_media":0,"comment_status":"closed","ping_status":"closed","sticky":false,"template":"","format":"standard","meta":{"ngg_post_thumbnail":0},"categories":[1],"tags":[],"_links":{"self":[{"href":"http:\/\/www.htcformosa.gob.ar\/index.php?rest_route=\/wp\/v2\/posts\/2220"}],"collection":[{"href":"http:\/\/www.htcformosa.gob.ar\/index.php?rest_route=\/wp\/v2\/posts"}],"about":[{"href":"http:\/\/www.htcformosa.gob.ar\/index.php?rest_route=\/wp\/v2\/types\/post"}],"author":[{"embeddable":true,"href":"http:\/\/www.htcformosa.gob.ar\/index.php?rest_route=\/wp\/v2\/users\/12"}],"replies":[{"embeddable":true,"href":"http:\/\/www.htcformosa.gob.ar\/index.php?rest_route=%2Fwp%2Fv2%2Fcomments&post=2220"}],"version-history":[{"count":3,"href":"http:\/\/www.htcformosa.gob.ar\/index.php?rest_route=\/wp\/v2\/posts\/2220\/revisions"}],"predecessor-version":[{"id":2228,"href":"http:\/\/www.htcformosa.gob.ar\/index.php?rest_route=\/wp\/v2\/posts\/2220\/revisions\/2228"}],"wp:attachment":[{"href":"http:\/\/www.htcformosa.gob.ar\/index.php?rest_route=%2Fwp%2Fv2%2Fmedia&parent=2220"}],"wp:term":[{"taxonomy":"category","embeddable":true,"href":"http:\/\/www.htcformosa.gob.ar\/index.php?rest_route=%2Fwp%2Fv2%2Fcategories&post=2220"},{"taxonomy":"post_tag","embeddable":true,"href":"http:\/\/www.htcformosa.gob.ar\/index.php?rest_route=%2Fwp%2Fv2%2Ftags&post=2220"}],"curies":[{"name":"wp","href":"https:\/\/api.w.org\/{rel}","templated":true}]}}