{"id":2708,"date":"2022-03-31T11:34:04","date_gmt":"2022-03-31T11:34:04","guid":{"rendered":"http:\/\/www.htcformosa.gob.ar\/?p=2708"},"modified":"2022-03-31T12:53:49","modified_gmt":"2022-03-31T12:53:49","slug":"reunion-institucional-con-los-responsables-municipales-del-espinillo","status":"publish","type":"post","link":"http:\/\/www.htcformosa.gob.ar\/?p=2708","title":{"rendered":"Reunion Institucional con los Responsables Municipales de Tres Lagunas"},"content":{"rendered":"<p>Luego de la feria anual, el Tribunal de Cuentas de la Provincia, viene realizando Jornadas de Trabajo- Taller de Capacitaci\u00f3n con Responsables Municipales de diferentes Municipios del interior provincial, en esta ocasi\u00f3n, el d\u00eda Lunes 28 de Marzo del corriente a\u00f1o, se llevo a cabo un encuentro en la sede del Departamento Ejecutivo de la localidad de Tres Lagunas, en donde se expusieron en detalle aquellos aspectos t\u00e9cnicos \u2013 contables \u2013 administrativos \u2013 financieros y patrimoniales que son pilares fundamentales en la administraci\u00f3n municipal y se evacuaron todas las consultas y dudas que fueron surgiendo por parte de los responsables primigenios. &nbsp;<\/p>\n<p>De la misma participaron por parte de la Comisi\u00f3n de Fomento mencionada, el Jefe de Tesorer\u00eda: Sr. Argentino Leoncio Ben\u00edtez;&nbsp; Jefa del Departamento de Contadur\u00eda: Sra. Lourdes del Rosario Ramos; Asesor Contable C.P.: Rodrigo Eladio Ramos y el Secretario del HCD: Gustavo Samuel Bareiro; y por parte del equipo T\u00e9cnico de la Vocal\u00eda B del H.T.C. estuvieron presente el Supervisor del \u00e1rea: C.P. Miguel Angel Riquelme; el Delegado de la Cuenta C.P. Javier S\u00e1nchez Casullo y el Relator Fiscal, Dr. Alejandro Ram\u00f3n Fabio.<\/p>\n<p>Estas reuniones de trabajo se desarrollan con la intenci\u00f3n de fomentar el di\u00e1logo entre el Honorable Tribunal de Cuentas y los responsables de rendir cuentas, intentando capacitar y perfeccionar &nbsp;a los mismos en vista de lograr mayor legalidad, transparencia, eficiencia y eficacia en la gesti\u00f3n administrativa de los Municipios y Comisiones de Fomento de la Provincia.<\/p>\n<!-- default-view.php -->\n<div\n\tclass=\"ngg-galleryoverview default-view \"\n\tid=\"ngg-gallery-063763d607014eaeed4b73345492a19b-1\">\n\n\t\t<!-- Thumbnails -->\n\t\t\t\t<div id=\"ngg-image-0\" class=\"ngg-gallery-thumbnail-box \" >\n\t\t\t\t        <div class=\"ngg-gallery-thumbnail\">\n            <a href=\"http:\/\/htcformosa.gob.ar\/wp-content\/gallery\/espinillo_2022\/WhatsApp-Image-2022-03-31-at-8.06.18-AM-2.jpeg\"\n               title=\"\"\n               data-src=\"http:\/\/htcformosa.gob.ar\/wp-content\/gallery\/espinillo_2022\/WhatsApp-Image-2022-03-31-at-8.06.18-AM-2.jpeg\"\n               data-thumbnail=\"http:\/\/htcformosa.gob.ar\/wp-content\/gallery\/espinillo_2022\/thumbs\/thumbs_WhatsApp-Image-2022-03-31-at-8.06.18-AM-2.jpeg\"\n               data-image-id=\"112\"\n               data-title=\"WhatsApp-Image-2022-03-31-at-8.06.18-AM-2\"\n               data-description=\"\"\n               data-image-slug=\"whatsapp-image-2022-03-31-at-8-06-18-am-2\"\n               class=\"ngg-simplelightbox\" rel=\"063763d607014eaeed4b73345492a19b\">\n                <img\n                    title=\"WhatsApp-Image-2022-03-31-at-8.06.18-AM-2\"\n                    alt=\"WhatsApp-Image-2022-03-31-at-8.06.18-AM-2\"\n                    src=\"http:\/\/htcformosa.gob.ar\/wp-content\/gallery\/espinillo_2022\/thumbs\/thumbs_WhatsApp-Image-2022-03-31-at-8.06.18-AM-2.jpeg\"\n                    width=\"240\"\n                    height=\"160\"\n                    style=\"max-width:100%;\"\n                \/>\n            <\/a>\n        <\/div>\n\t\t\t\t\t\t\t<\/div> \n\t\t\t\n\t\t\t\t<div id=\"ngg-image-1\" class=\"ngg-gallery-thumbnail-box \" >\n\t\t\t\t        <div class=\"ngg-gallery-thumbnail\">\n            <a href=\"http:\/\/htcformosa.gob.ar\/wp-content\/gallery\/espinillo_2022\/WhatsApp-Image-2022-03-31-at-8.06.18-AM.jpeg\"\n               title=\"\"\n               data-src=\"http:\/\/htcformosa.gob.ar\/wp-content\/gallery\/espinillo_2022\/WhatsApp-Image-2022-03-31-at-8.06.18-AM.jpeg\"\n               data-thumbnail=\"http:\/\/htcformosa.gob.ar\/wp-content\/gallery\/espinillo_2022\/thumbs\/thumbs_WhatsApp-Image-2022-03-31-at-8.06.18-AM.jpeg\"\n               data-image-id=\"113\"\n               data-title=\"WhatsApp-Image-2022-03-31-at-8.06.18-AM\"\n               data-description=\"\"\n               data-image-slug=\"whatsapp-image-2022-03-31-at-8-06-18-am-3\"\n               class=\"ngg-simplelightbox\" rel=\"063763d607014eaeed4b73345492a19b\">\n                <img\n                    title=\"WhatsApp-Image-2022-03-31-at-8.06.18-AM\"\n                    alt=\"WhatsApp-Image-2022-03-31-at-8.06.18-AM\"\n                    src=\"http:\/\/htcformosa.gob.ar\/wp-content\/gallery\/espinillo_2022\/thumbs\/thumbs_WhatsApp-Image-2022-03-31-at-8.06.18-AM.jpeg\"\n                    width=\"240\"\n                    height=\"160\"\n                    style=\"max-width:100%;\"\n                \/>\n            <\/a>\n        <\/div>\n\t\t\t\t\t\t\t<\/div> \n\t\t\t\n\t\t\t\t<div id=\"ngg-image-2\" class=\"ngg-gallery-thumbnail-box \" >\n\t\t\t\t        <div class=\"ngg-gallery-thumbnail\">\n            <a href=\"http:\/\/htcformosa.gob.ar\/wp-content\/gallery\/espinillo_2022\/WhatsApp-Image-2022-03-31-at-8.06.17-AM.jpeg\"\n               title=\"\"\n               data-src=\"http:\/\/htcformosa.gob.ar\/wp-content\/gallery\/espinillo_2022\/WhatsApp-Image-2022-03-31-at-8.06.17-AM.jpeg\"\n               data-thumbnail=\"http:\/\/htcformosa.gob.ar\/wp-content\/gallery\/espinillo_2022\/thumbs\/thumbs_WhatsApp-Image-2022-03-31-at-8.06.17-AM.jpeg\"\n               data-image-id=\"114\"\n               data-title=\"WhatsApp-Image-2022-03-31-at-8.06.17-AM\"\n               data-description=\"\"\n               data-image-slug=\"whatsapp-image-2022-03-31-at-8-06-17-am\"\n               class=\"ngg-simplelightbox\" rel=\"063763d607014eaeed4b73345492a19b\">\n                <img\n                    title=\"WhatsApp-Image-2022-03-31-at-8.06.17-AM\"\n                    alt=\"WhatsApp-Image-2022-03-31-at-8.06.17-AM\"\n                    src=\"http:\/\/htcformosa.gob.ar\/wp-content\/gallery\/espinillo_2022\/thumbs\/thumbs_WhatsApp-Image-2022-03-31-at-8.06.17-AM.jpeg\"\n                    width=\"240\"\n                    height=\"160\"\n                    style=\"max-width:100%;\"\n                \/>\n            <\/a>\n        <\/div>\n\t\t\t\t\t\t\t<\/div> \n\t\t\t\n\t\t\t\t<div id=\"ngg-image-3\" class=\"ngg-gallery-thumbnail-box \" >\n\t\t\t\t        <div class=\"ngg-gallery-thumbnail\">\n            <a href=\"http:\/\/htcformosa.gob.ar\/wp-content\/gallery\/espinillo_2022\/WhatsApp-Image-2022-03-31-at-8.06.17-AM-1.jpeg\"\n               title=\"\"\n               data-src=\"http:\/\/htcformosa.gob.ar\/wp-content\/gallery\/espinillo_2022\/WhatsApp-Image-2022-03-31-at-8.06.17-AM-1.jpeg\"\n               data-thumbnail=\"http:\/\/htcformosa.gob.ar\/wp-content\/gallery\/espinillo_2022\/thumbs\/thumbs_WhatsApp-Image-2022-03-31-at-8.06.17-AM-1.jpeg\"\n               data-image-id=\"115\"\n               data-title=\"WhatsApp-Image-2022-03-31-at-8.06.17-AM-1\"\n               data-description=\"\"\n               data-image-slug=\"whatsapp-image-2022-03-31-at-8-06-17-am-1\"\n               class=\"ngg-simplelightbox\" rel=\"063763d607014eaeed4b73345492a19b\">\n                <img\n                    title=\"WhatsApp-Image-2022-03-31-at-8.06.17-AM-1\"\n                    alt=\"WhatsApp-Image-2022-03-31-at-8.06.17-AM-1\"\n                    src=\"http:\/\/htcformosa.gob.ar\/wp-content\/gallery\/espinillo_2022\/thumbs\/thumbs_WhatsApp-Image-2022-03-31-at-8.06.17-AM-1.jpeg\"\n                    width=\"240\"\n                    height=\"160\"\n                    style=\"max-width:100%;\"\n                \/>\n            <\/a>\n        <\/div>\n\t\t\t\t\t\t\t<\/div> \n\t\t\t\n\t\n\t<br style=\"clear: both\" \/>\n\n\t\n\t\t<!-- Pagination -->\n\t<div class='ngg-clear'><\/div>\t<\/div>\n\n","protected":false},"excerpt":{"rendered":"<p>Luego de la feria anual, el Tribunal de Cuentas de la Provincia, viene realizando Jornadas de Trabajo- Taller de Capacitaci\u00f3n con Responsables Municipales de diferentes Municipios del interior provincial, en esta ocasi\u00f3n, el d\u00eda Lunes 28 de Marzo del corriente a\u00f1o, se llevo a cabo un encuentro en la sede del Departamento Ejecutivo de la &hellip; <\/p>\n<p class=\"link-more\"><a href=\"http:\/\/www.htcformosa.gob.ar\/?p=2708\" class=\"more-link\">Continuar leyendo<span class=\"screen-reader-text\"> \u00abReunion Institucional con los Responsables Municipales de Tres Lagunas\u00bb<\/span><\/a><\/p>\n","protected":false},"author":12,"featured_media":0,"comment_status":"closed","ping_status":"closed","sticky":false,"template":"","format":"standard","meta":{"ngg_post_thumbnail":0},"categories":[1],"tags":[],"_links":{"self":[{"href":"http:\/\/www.htcformosa.gob.ar\/index.php?rest_route=\/wp\/v2\/posts\/2708"}],"collection":[{"href":"http:\/\/www.htcformosa.gob.ar\/index.php?rest_route=\/wp\/v2\/posts"}],"about":[{"href":"http:\/\/www.htcformosa.gob.ar\/index.php?rest_route=\/wp\/v2\/types\/post"}],"author":[{"embeddable":true,"href":"http:\/\/www.htcformosa.gob.ar\/index.php?rest_route=\/wp\/v2\/users\/12"}],"replies":[{"embeddable":true,"href":"http:\/\/www.htcformosa.gob.ar\/index.php?rest_route=%2Fwp%2Fv2%2Fcomments&post=2708"}],"version-history":[{"count":2,"href":"http:\/\/www.htcformosa.gob.ar\/index.php?rest_route=\/wp\/v2\/posts\/2708\/revisions"}],"predecessor-version":[{"id":2715,"href":"http:\/\/www.htcformosa.gob.ar\/index.php?rest_route=\/wp\/v2\/posts\/2708\/revisions\/2715"}],"wp:attachment":[{"href":"http:\/\/www.htcformosa.gob.ar\/index.php?rest_route=%2Fwp%2Fv2%2Fmedia&parent=2708"}],"wp:term":[{"taxonomy":"category","embeddable":true,"href":"http:\/\/www.htcformosa.gob.ar\/index.php?rest_route=%2Fwp%2Fv2%2Fcategories&post=2708"},{"taxonomy":"post_tag","embeddable":true,"href":"http:\/\/www.htcformosa.gob.ar\/index.php?rest_route=%2Fwp%2Fv2%2Ftags&post=2708"}],"curies":[{"name":"wp","href":"https:\/\/api.w.org\/{rel}","templated":true}]}}