{"id":3096,"date":"2022-07-03T14:13:17","date_gmt":"2022-07-03T14:13:17","guid":{"rendered":"http:\/\/www.htcformosa.gob.ar\/?p=3096"},"modified":"2022-07-11T10:53:31","modified_gmt":"2022-07-11T10:53:31","slug":"el-h-t-c-participo-del-seminario-internacional-pobreza-y-genero-impacto-covid-19","status":"publish","type":"post","link":"http:\/\/www.htcformosa.gob.ar\/?p=3096","title":{"rendered":"El H.T.C.  participo del Seminario internacional \u201cPobreza y G\u00e9nero. Impacto COVID-19\u201d"},"content":{"rendered":"<p><img loading=\"lazy\" class=\"alignnone size-full wp-image-3090\" src=\"http:\/\/htcformosa.gob.ar\/wp-content\/uploads\/2022\/07\/WhatsApp-Image-2022-07-08-at-11.02.27-AM.jpeg\" alt=\"\" width=\"1024\" height=\"1024\" srcset=\"http:\/\/htcformosa.gob.ar\/wp-content\/uploads\/2022\/07\/WhatsApp-Image-2022-07-08-at-11.02.27-AM.jpeg 1024w, http:\/\/htcformosa.gob.ar\/wp-content\/uploads\/2022\/07\/WhatsApp-Image-2022-07-08-at-11.02.27-AM-300x300.jpeg 300w, http:\/\/htcformosa.gob.ar\/wp-content\/uploads\/2022\/07\/WhatsApp-Image-2022-07-08-at-11.02.27-AM-150x150.jpeg 150w, http:\/\/htcformosa.gob.ar\/wp-content\/uploads\/2022\/07\/WhatsApp-Image-2022-07-08-at-11.02.27-AM-768x768.jpeg 768w, http:\/\/htcformosa.gob.ar\/wp-content\/uploads\/2022\/07\/WhatsApp-Image-2022-07-08-at-11.02.27-AM-100x100.jpeg 100w\" sizes=\"(max-width: 767px) 89vw, (max-width: 1000px) 54vw, (max-width: 1071px) 543px, 580px\" \/><\/p>\n<p>El paso 30 de junio el Tribunal de Cuentas de la Provincia, particip\u00f3 del II Seminario de Pobreza y G\u00e9nero -impacto Covid 19, Organizado conjuntamente por las&nbsp;Entidades Fiscalizadoras Superiores de los Pa\u00edses de Am\u00e9rica del Sur&nbsp;(EFSUR) y la Auditor\u00eda General de la Naci\u00f3n (AGN).<\/p>\n<p>&nbsp;Habiendo recibido la invitaci\u00f3n por parte de la Auditora General de la Naci\u00f3n Lic. Mar\u00eda Graciela de la Rosa y Secretaria Ejecutiva de EFESUR, en representaci\u00f3n de los miembros del H.T.C. participaron, la Dra. Ana Zacariaz Froia, el Dr. Federico Caceres y el Dr. Guillermo Romero Servin.<\/p>\n<p>&nbsp;El evento internacional apunt\u00f3 a ser un espacio para el an\u00e1lisis y debate sobre la aplicaci\u00f3n e implementaci\u00f3n de las decisiones gubernamentales tendientes a poner fin a la pobreza, en el contexto de la crisis econ\u00f3mica, social y sanitaria del COVID-19.<\/p>\n<p>Adem\u00e1s, se alent\u00f3 a incorporar la perspectiva de g\u00e9nero en las auditor\u00edas gubernamentales, as\u00ed como en el intercambio de conocimientos en materia de igualdad de g\u00e9nero a nivel regional.<\/p>\n<p>Participaron del seminario autoridades de los siguientes pa\u00edses: Argentina, Bolivia, Brasil, Chile, Colombia, Ecuador, Paraguay, Per\u00fa, Uruguay y Venezuela.<\/p>\n<p><img loading=\"lazy\" class=\"alignnone size-full wp-image-3095\" src=\"http:\/\/htcformosa.gob.ar\/wp-content\/uploads\/2022\/07\/WhatsApp-Image-2022-07-08-at-10.05.21-AM-1.jpeg\" alt=\"\" width=\"1200\" height=\"1600\" srcset=\"http:\/\/htcformosa.gob.ar\/wp-content\/uploads\/2022\/07\/WhatsApp-Image-2022-07-08-at-10.05.21-AM-1.jpeg 1200w, http:\/\/htcformosa.gob.ar\/wp-content\/uploads\/2022\/07\/WhatsApp-Image-2022-07-08-at-10.05.21-AM-1-225x300.jpeg 225w, http:\/\/htcformosa.gob.ar\/wp-content\/uploads\/2022\/07\/WhatsApp-Image-2022-07-08-at-10.05.21-AM-1-768x1024.jpeg 768w, http:\/\/htcformosa.gob.ar\/wp-content\/uploads\/2022\/07\/WhatsApp-Image-2022-07-08-at-10.05.21-AM-1-1152x1536.jpeg 1152w\" sizes=\"(max-width: 767px) 89vw, (max-width: 1000px) 54vw, (max-width: 1071px) 543px, 580px\" \/><\/p>\n<p><img loading=\"lazy\" class=\"alignnone size-full wp-image-3099\" src=\"http:\/\/htcformosa.gob.ar\/wp-content\/uploads\/2022\/07\/WhatsApp-Image-2022-07-08-at-11.13.00-AM-2.jpeg\" alt=\"\" width=\"1073\" height=\"629\" srcset=\"http:\/\/htcformosa.gob.ar\/wp-content\/uploads\/2022\/07\/WhatsApp-Image-2022-07-08-at-11.13.00-AM-2.jpeg 1073w, http:\/\/htcformosa.gob.ar\/wp-content\/uploads\/2022\/07\/WhatsApp-Image-2022-07-08-at-11.13.00-AM-2-300x176.jpeg 300w, http:\/\/htcformosa.gob.ar\/wp-content\/uploads\/2022\/07\/WhatsApp-Image-2022-07-08-at-11.13.00-AM-2-1024x600.jpeg 1024w, http:\/\/htcformosa.gob.ar\/wp-content\/uploads\/2022\/07\/WhatsApp-Image-2022-07-08-at-11.13.00-AM-2-768x450.jpeg 768w\" sizes=\"(max-width: 767px) 89vw, (max-width: 1000px) 54vw, (max-width: 1071px) 543px, 580px\" \/><\/p>\n<p><img loading=\"lazy\" class=\"alignnone size-full wp-image-3100\" src=\"http:\/\/htcformosa.gob.ar\/wp-content\/uploads\/2022\/07\/WhatsApp-Image-2022-07-08-at-11.12.50-AM-2.jpeg\" alt=\"\" width=\"901\" height=\"472\" srcset=\"http:\/\/htcformosa.gob.ar\/wp-content\/uploads\/2022\/07\/WhatsApp-Image-2022-07-08-at-11.12.50-AM-2.jpeg 901w, http:\/\/htcformosa.gob.ar\/wp-content\/uploads\/2022\/07\/WhatsApp-Image-2022-07-08-at-11.12.50-AM-2-300x157.jpeg 300w, http:\/\/htcformosa.gob.ar\/wp-content\/uploads\/2022\/07\/WhatsApp-Image-2022-07-08-at-11.12.50-AM-2-768x402.jpeg 768w\" sizes=\"(max-width: 767px) 89vw, (max-width: 1000px) 54vw, (max-width: 1071px) 543px, 580px\" \/><\/p>\n","protected":false},"excerpt":{"rendered":"<p>El paso 30 de junio el Tribunal de Cuentas de la Provincia, particip\u00f3 del II Seminario de Pobreza y G\u00e9nero -impacto Covid 19, Organizado conjuntamente por las&nbsp;Entidades Fiscalizadoras Superiores de los Pa\u00edses de Am\u00e9rica del Sur&nbsp;(EFSUR) y la Auditor\u00eda General de la Naci\u00f3n (AGN). &nbsp;Habiendo recibido la invitaci\u00f3n por parte de la Auditora General de &hellip; <\/p>\n<p class=\"link-more\"><a href=\"http:\/\/www.htcformosa.gob.ar\/?p=3096\" class=\"more-link\">Continuar leyendo<span class=\"screen-reader-text\"> \u00abEl H.T.C.  participo del Seminario internacional \u201cPobreza y G\u00e9nero. Impacto COVID-19\u201d\u00bb<\/span><\/a><\/p>\n","protected":false},"author":12,"featured_media":0,"comment_status":"closed","ping_status":"closed","sticky":false,"template":"","format":"standard","meta":{"ngg_post_thumbnail":0},"categories":[1],"tags":[],"_links":{"self":[{"href":"http:\/\/www.htcformosa.gob.ar\/index.php?rest_route=\/wp\/v2\/posts\/3096"}],"collection":[{"href":"http:\/\/www.htcformosa.gob.ar\/index.php?rest_route=\/wp\/v2\/posts"}],"about":[{"href":"http:\/\/www.htcformosa.gob.ar\/index.php?rest_route=\/wp\/v2\/types\/post"}],"author":[{"embeddable":true,"href":"http:\/\/www.htcformosa.gob.ar\/index.php?rest_route=\/wp\/v2\/users\/12"}],"replies":[{"embeddable":true,"href":"http:\/\/www.htcformosa.gob.ar\/index.php?rest_route=%2Fwp%2Fv2%2Fcomments&post=3096"}],"version-history":[{"count":4,"href":"http:\/\/www.htcformosa.gob.ar\/index.php?rest_route=\/wp\/v2\/posts\/3096\/revisions"}],"predecessor-version":[{"id":3104,"href":"http:\/\/www.htcformosa.gob.ar\/index.php?rest_route=\/wp\/v2\/posts\/3096\/revisions\/3104"}],"wp:attachment":[{"href":"http:\/\/www.htcformosa.gob.ar\/index.php?rest_route=%2Fwp%2Fv2%2Fmedia&parent=3096"}],"wp:term":[{"taxonomy":"category","embeddable":true,"href":"http:\/\/www.htcformosa.gob.ar\/index.php?rest_route=%2Fwp%2Fv2%2Fcategories&post=3096"},{"taxonomy":"post_tag","embeddable":true,"href":"http:\/\/www.htcformosa.gob.ar\/index.php?rest_route=%2Fwp%2Fv2%2Ftags&post=3096"}],"curies":[{"name":"wp","href":"https:\/\/api.w.org\/{rel}","templated":true}]}}