{"id":3904,"date":"2022-11-23T10:02:15","date_gmt":"2022-11-23T10:02:15","guid":{"rendered":"http:\/\/www.htcformosa.gob.ar\/?p=3904"},"modified":"2022-11-24T10:09:34","modified_gmt":"2022-11-24T10:09:34","slug":"curso-de-capacitacion-y-taller-para-equipos-tecnicos-de-trabajo-y-responsables-de-la-municipalidad-de-formosa","status":"publish","type":"post","link":"http:\/\/www.htcformosa.gob.ar\/?p=3904","title":{"rendered":"Curso de Capacitaci\u00f3n y Taller para Equipos T\u00e9cnicos de Trabajo Y Responsables de la Municipalidad de Formosa"},"content":{"rendered":"<p><img loading=\"lazy\" class=\"alignnone size-full wp-image-3905\" src=\"http:\/\/htcformosa.gob.ar\/wp-content\/uploads\/2022\/11\/IMG-20221123-WA0020.jpg\" alt=\"\" width=\"1080\" height=\"1080\" srcset=\"http:\/\/htcformosa.gob.ar\/wp-content\/uploads\/2022\/11\/IMG-20221123-WA0020.jpg 1080w, http:\/\/htcformosa.gob.ar\/wp-content\/uploads\/2022\/11\/IMG-20221123-WA0020-300x300.jpg 300w, http:\/\/htcformosa.gob.ar\/wp-content\/uploads\/2022\/11\/IMG-20221123-WA0020-1024x1024.jpg 1024w, http:\/\/htcformosa.gob.ar\/wp-content\/uploads\/2022\/11\/IMG-20221123-WA0020-150x150.jpg 150w, http:\/\/htcformosa.gob.ar\/wp-content\/uploads\/2022\/11\/IMG-20221123-WA0020-768x768.jpg 768w, http:\/\/htcformosa.gob.ar\/wp-content\/uploads\/2022\/11\/IMG-20221123-WA0020-100x100.jpg 100w\" sizes=\"(max-width: 767px) 89vw, (max-width: 1000px) 54vw, (max-width: 1071px) 543px, 580px\" \/><\/p>\n<p><!--more--><\/p>\n<p>El d\u00eda Viernes 18 de Noviembre del corriente a\u00f1o, se desarroll\u00f3 una nueva jornada de los \u201cCURSO DE CAPACITACION PARA EQUIPOS TECNICOS DE TRABAJO y RESPONSABLES MUNICIPALES\u201d, en esta ocasi\u00f3n, se llevo a cabo en el Sal\u00f3n del Consejo Profesional de Ciencias Econ\u00f3mica de Formosa, en la cual participo la Municipalidad de la Ciudad Capital. En el horario matutino, un equipo conformado por todas las a\u00e9reas de este Tribunal de Cuentas, dio inicio a dicha capacitaci\u00f3n, de la cual se hicieron presentes aproximadamente treinta (30) personas, que conforman los Equipos T\u00e9cnicos de las \u00e1reas de Asuntos Administrativos, Compras y Suministros, Contadur\u00eda, Control Documental, Patrimonio, Financiera y Tesorer\u00eda del Departamento Ejecutivo Municipal, y Administrativos del Honorable Concejo Deliberante. Junto al personal, participaron, el Secretario de Hacienda C.P. Luis Casco y la Contadora General C.P. Giovanna Diaz Roig.<\/p>\n<p>Los temas desarrollados fueron, entre otros:<\/p>\n<ul>\n<li>El Proceso de Control. Etapas desde el inicio hasta su conclusi\u00f3n por parte del Honorable Tribunal de Cuentas.<\/li>\n<li>El Clasificador de Recursos y Gastos. La imputaci\u00f3n contable del gasto, aspectos a tenerse en cuenta.<\/li>\n<li>Ley N\u00ba 1.028 Art. N\u00ba 95 &#8211; R\u00e9gimen de Contrataci\u00f3n. Principales aspectos. Incompatibilidades.<\/li>\n<li>Cuadernos Documentales mensuales. Presentaci\u00f3n, contenido y plazos.<\/li>\n<li>Acuerdo N\u00ba 37.782 &#8211; Ayuda social. Requisitos y condiciones, documentaci\u00f3n de respaldo de la operatoria.<\/li>\n<li>El cambio de Autoridades. Formalidades, requisitos, protocolo de actuaci\u00f3n.- Art. 78\u00ba Acuerdo N\u00ba 25.000 y Acuerdo N\u00ba 37.338.<\/li>\n<li>Instrumentos Legales. Requisitos, forma y contenido.<\/li>\n<li>Ley N\u00ba 1694 &#8211;&nbsp; 46\u00ba Multas. Aplicaci\u00f3n, unidad de medida y otros aspectos principales.&nbsp;&nbsp;&nbsp;<\/li>\n<li>La Notificaci\u00f3n electr\u00f3nica. El domicilio procesal electr\u00f3nico, caracter\u00edsticas y procedimiento.&nbsp;&nbsp;&nbsp;<\/li>\n<\/ul>\n<p>El Honorable Tribunal de Cuentas estuvo representado por: la Secretaria T\u00e9cnica: C.P. Ana Isabel Zacariaz Froia, el Supervisor de la Vocal\u00eda \u201cB\u201d: C.P. Miguel Angel Riquelme, la Pro Secretaria T\u00e9cnica: C.P. Elsa Irala, el Director del Control Sist\u00e9mico: Dr. Miguel Badaracco, los Referentes de la Vocal\u00eda \u201cB\u201d: Dr. Guillermo Mat\u00edas Brunelli y Dr. Alejandro Ram\u00f3n Fabio, el Delegado Fiscal: C.P. Florencio Isidro Monz\u00f3n y la Dr. Cristina Puchini de la Direcci\u00f3n de Asuntos Legales.<\/p>\n<!-- default-view.php -->\n<div\n\tclass=\"ngg-galleryoverview default-view \"\n\tid=\"ngg-gallery-670511d3e58e88bab04651efb5198f5b-1\">\n\n\t\t<!-- Thumbnails -->\n\t\t\t\t<div id=\"ngg-image-0\" class=\"ngg-gallery-thumbnail-box ngg-3-columns\" >\n\t\t\t\t        <div class=\"ngg-gallery-thumbnail\">\n            <a href=\"http:\/\/htcformosa.gob.ar\/wp-content\/gallery\/capacitacion_formosa2022\/IMG-20221123-WA0021.jpg\"\n               title=\"\"\n               data-src=\"http:\/\/htcformosa.gob.ar\/wp-content\/gallery\/capacitacion_formosa2022\/IMG-20221123-WA0021.jpg\"\n               data-thumbnail=\"http:\/\/htcformosa.gob.ar\/wp-content\/gallery\/capacitacion_formosa2022\/thumbs\/thumbs_IMG-20221123-WA0021.jpg\"\n               data-image-id=\"498\"\n               data-title=\"IMG-20221123-WA0021\"\n               data-description=\"\"\n               data-image-slug=\"img-20221123-wa0021\"\n               class=\"ngg-simplelightbox\" rel=\"670511d3e58e88bab04651efb5198f5b\">\n                <img\n                    title=\"IMG-20221123-WA0021\"\n                    alt=\"IMG-20221123-WA0021\"\n                    src=\"http:\/\/htcformosa.gob.ar\/wp-content\/gallery\/capacitacion_formosa2022\/thumbs\/thumbs_IMG-20221123-WA0021.jpg\"\n                    width=\"240\"\n                    height=\"160\"\n                    style=\"max-width:100%;\"\n                \/>\n            <\/a>\n        <\/div>\n\t\t\t\t\t\t\t<\/div> \n\t\t\t\n\t\t\t\t<div id=\"ngg-image-1\" class=\"ngg-gallery-thumbnail-box ngg-3-columns\" >\n\t\t\t\t        <div class=\"ngg-gallery-thumbnail\">\n            <a href=\"http:\/\/htcformosa.gob.ar\/wp-content\/gallery\/capacitacion_formosa2022\/IMG-20221123-WA0025.jpg\"\n               title=\"\"\n               data-src=\"http:\/\/htcformosa.gob.ar\/wp-content\/gallery\/capacitacion_formosa2022\/IMG-20221123-WA0025.jpg\"\n               data-thumbnail=\"http:\/\/htcformosa.gob.ar\/wp-content\/gallery\/capacitacion_formosa2022\/thumbs\/thumbs_IMG-20221123-WA0025.jpg\"\n               data-image-id=\"494\"\n               data-title=\"IMG-20221123-WA0025\"\n               data-description=\"\"\n               data-image-slug=\"img-20221123-wa0025\"\n               class=\"ngg-simplelightbox\" rel=\"670511d3e58e88bab04651efb5198f5b\">\n                <img\n                    title=\"IMG-20221123-WA0025\"\n                    alt=\"IMG-20221123-WA0025\"\n                    src=\"http:\/\/htcformosa.gob.ar\/wp-content\/gallery\/capacitacion_formosa2022\/thumbs\/thumbs_IMG-20221123-WA0025.jpg\"\n                    width=\"240\"\n                    height=\"160\"\n                    style=\"max-width:100%;\"\n                \/>\n            <\/a>\n        <\/div>\n\t\t\t\t\t\t\t<\/div> \n\t\t\t\n\t\t\t\t<div id=\"ngg-image-2\" class=\"ngg-gallery-thumbnail-box ngg-3-columns\" >\n\t\t\t\t        <div class=\"ngg-gallery-thumbnail\">\n            <a href=\"http:\/\/htcformosa.gob.ar\/wp-content\/gallery\/capacitacion_formosa2022\/IMG-20221123-WA0024.jpg\"\n               title=\"\"\n               data-src=\"http:\/\/htcformosa.gob.ar\/wp-content\/gallery\/capacitacion_formosa2022\/IMG-20221123-WA0024.jpg\"\n               data-thumbnail=\"http:\/\/htcformosa.gob.ar\/wp-content\/gallery\/capacitacion_formosa2022\/thumbs\/thumbs_IMG-20221123-WA0024.jpg\"\n               data-image-id=\"495\"\n               data-title=\"IMG-20221123-WA0024\"\n               data-description=\"\"\n               data-image-slug=\"img-20221123-wa0024\"\n               class=\"ngg-simplelightbox\" rel=\"670511d3e58e88bab04651efb5198f5b\">\n                <img\n                    title=\"IMG-20221123-WA0024\"\n                    alt=\"IMG-20221123-WA0024\"\n                    src=\"http:\/\/htcformosa.gob.ar\/wp-content\/gallery\/capacitacion_formosa2022\/thumbs\/thumbs_IMG-20221123-WA0024.jpg\"\n                    width=\"240\"\n                    height=\"160\"\n                    style=\"max-width:100%;\"\n                \/>\n            <\/a>\n        <\/div>\n\t\t\t\t\t\t\t<\/div> \n\t\t\t\n\t\t\t\t<div id=\"ngg-image-3\" class=\"ngg-gallery-thumbnail-box ngg-3-columns\" >\n\t\t\t\t        <div class=\"ngg-gallery-thumbnail\">\n            <a href=\"http:\/\/htcformosa.gob.ar\/wp-content\/gallery\/capacitacion_formosa2022\/IMG-20221123-WA0023.jpg\"\n               title=\"\"\n               data-src=\"http:\/\/htcformosa.gob.ar\/wp-content\/gallery\/capacitacion_formosa2022\/IMG-20221123-WA0023.jpg\"\n               data-thumbnail=\"http:\/\/htcformosa.gob.ar\/wp-content\/gallery\/capacitacion_formosa2022\/thumbs\/thumbs_IMG-20221123-WA0023.jpg\"\n               data-image-id=\"496\"\n               data-title=\"IMG-20221123-WA0023\"\n               data-description=\"\"\n               data-image-slug=\"img-20221123-wa0023\"\n               class=\"ngg-simplelightbox\" rel=\"670511d3e58e88bab04651efb5198f5b\">\n                <img\n                    title=\"IMG-20221123-WA0023\"\n                    alt=\"IMG-20221123-WA0023\"\n                    src=\"http:\/\/htcformosa.gob.ar\/wp-content\/gallery\/capacitacion_formosa2022\/thumbs\/thumbs_IMG-20221123-WA0023.jpg\"\n                    width=\"240\"\n                    height=\"160\"\n                    style=\"max-width:100%;\"\n                \/>\n            <\/a>\n        <\/div>\n\t\t\t\t\t\t\t<\/div> \n\t\t\t\n\t\t\t\t<div id=\"ngg-image-4\" class=\"ngg-gallery-thumbnail-box ngg-3-columns\" >\n\t\t\t\t        <div class=\"ngg-gallery-thumbnail\">\n            <a href=\"http:\/\/htcformosa.gob.ar\/wp-content\/gallery\/capacitacion_formosa2022\/IMG-20221123-WA0022.jpg\"\n               title=\"\"\n               data-src=\"http:\/\/htcformosa.gob.ar\/wp-content\/gallery\/capacitacion_formosa2022\/IMG-20221123-WA0022.jpg\"\n               data-thumbnail=\"http:\/\/htcformosa.gob.ar\/wp-content\/gallery\/capacitacion_formosa2022\/thumbs\/thumbs_IMG-20221123-WA0022.jpg\"\n               data-image-id=\"497\"\n               data-title=\"IMG-20221123-WA0022\"\n               data-description=\"\"\n               data-image-slug=\"img-20221123-wa0022\"\n               class=\"ngg-simplelightbox\" rel=\"670511d3e58e88bab04651efb5198f5b\">\n                <img\n                    title=\"IMG-20221123-WA0022\"\n                    alt=\"IMG-20221123-WA0022\"\n                    src=\"http:\/\/htcformosa.gob.ar\/wp-content\/gallery\/capacitacion_formosa2022\/thumbs\/thumbs_IMG-20221123-WA0022.jpg\"\n                    width=\"240\"\n                    height=\"160\"\n                    style=\"max-width:100%;\"\n                \/>\n            <\/a>\n        <\/div>\n\t\t\t\t\t\t\t<\/div> \n\t\t\t\n\t\n\t<br style=\"clear: both\" \/>\n\n\t\n\t\t<!-- Pagination -->\n\t<div class='ngg-clear'><\/div>\t<\/div>\n\n","protected":false},"excerpt":{"rendered":"","protected":false},"author":12,"featured_media":0,"comment_status":"closed","ping_status":"closed","sticky":false,"template":"","format":"standard","meta":{"ngg_post_thumbnail":0},"categories":[1],"tags":[],"_links":{"self":[{"href":"http:\/\/www.htcformosa.gob.ar\/index.php?rest_route=\/wp\/v2\/posts\/3904"}],"collection":[{"href":"http:\/\/www.htcformosa.gob.ar\/index.php?rest_route=\/wp\/v2\/posts"}],"about":[{"href":"http:\/\/www.htcformosa.gob.ar\/index.php?rest_route=\/wp\/v2\/types\/post"}],"author":[{"embeddable":true,"href":"http:\/\/www.htcformosa.gob.ar\/index.php?rest_route=\/wp\/v2\/users\/12"}],"replies":[{"embeddable":true,"href":"http:\/\/www.htcformosa.gob.ar\/index.php?rest_route=%2Fwp%2Fv2%2Fcomments&post=3904"}],"version-history":[{"count":2,"href":"http:\/\/www.htcformosa.gob.ar\/index.php?rest_route=\/wp\/v2\/posts\/3904\/revisions"}],"predecessor-version":[{"id":3918,"href":"http:\/\/www.htcformosa.gob.ar\/index.php?rest_route=\/wp\/v2\/posts\/3904\/revisions\/3918"}],"wp:attachment":[{"href":"http:\/\/www.htcformosa.gob.ar\/index.php?rest_route=%2Fwp%2Fv2%2Fmedia&parent=3904"}],"wp:term":[{"taxonomy":"category","embeddable":true,"href":"http:\/\/www.htcformosa.gob.ar\/index.php?rest_route=%2Fwp%2Fv2%2Fcategories&post=3904"},{"taxonomy":"post_tag","embeddable":true,"href":"http:\/\/www.htcformosa.gob.ar\/index.php?rest_route=%2Fwp%2Fv2%2Ftags&post=3904"}],"curies":[{"name":"wp","href":"https:\/\/api.w.org\/{rel}","templated":true}]}}