{"id":3921,"date":"2022-11-24T16:19:40","date_gmt":"2022-11-24T16:19:40","guid":{"rendered":"http:\/\/www.htcformosa.gob.ar\/?p=3921"},"modified":"2022-11-24T16:26:14","modified_gmt":"2022-11-24T16:26:14","slug":"8o-encuentro-nacional-de-tribunales-de-cuentas","status":"publish","type":"post","link":"http:\/\/www.htcformosa.gob.ar\/?p=3921","title":{"rendered":"8\u00ba Encuentro Nacional de Tribunales de Cuentas"},"content":{"rendered":"<p>La Doctora <strong>Myriam Esther Radrizani<\/strong>, Presidente del Honorable Tribunal de Cuentas de Formosa fue invitada a participar al <strong>8\u00ba Encuentro Nacional de Tribunales de Cuentas<\/strong> del 16 al 18\/11\/2022 en la ciudad de Rio de Janeiro, como Miembro de la Asociaci\u00f3n de Entidades Generales de Control P\u00fablico del Mercosur (A.S.U.R.) integrada por Argentina, Brasil y recientemente Paraguay.<\/p>\n<p><img loading=\"lazy\" class=\"alignnone size-full wp-image-3920\" src=\"http:\/\/htcformosa.gob.ar\/wp-content\/uploads\/2022\/11\/Foto-1.jpg\" alt=\"\" width=\"1080\" height=\"1080\" srcset=\"http:\/\/htcformosa.gob.ar\/wp-content\/uploads\/2022\/11\/Foto-1.jpg 1080w, http:\/\/htcformosa.gob.ar\/wp-content\/uploads\/2022\/11\/Foto-1-300x300.jpg 300w, http:\/\/htcformosa.gob.ar\/wp-content\/uploads\/2022\/11\/Foto-1-1024x1024.jpg 1024w, http:\/\/htcformosa.gob.ar\/wp-content\/uploads\/2022\/11\/Foto-1-150x150.jpg 150w, http:\/\/htcformosa.gob.ar\/wp-content\/uploads\/2022\/11\/Foto-1-768x768.jpg 768w, http:\/\/htcformosa.gob.ar\/wp-content\/uploads\/2022\/11\/Foto-1-100x100.jpg 100w\" sizes=\"(max-width: 767px) 89vw, (max-width: 1000px) 54vw, (max-width: 1071px) 543px, 580px\" \/><\/p>\n<p><!--more--><\/p>\n<p>La invitaci\u00f3n fue cursada por Conselheiro <strong>Cesar Miola<\/strong> (Presidente de la Asociaci\u00f3n de Miembros de Tribunales de Cunetas de Brasil) ATRICON &#8211; Conselheiro <strong>Edilberto Carlos Pontes Lima<\/strong> (Presidente del Instituto Ruiz Barboza) IRB \u2013 Ministro Sustituto <strong>Marcos Bemquerer Costa<\/strong> (Presidente de Ministros&nbsp; y Consejeros Sustitutos de Tribunal de Cuentas) AUDICON \u2013 Conselheiro <strong>Joaquin Alves de Castro Neto<\/strong> (Presidente de la Asociaci\u00f3n Brasilera de Tribunales de Cuentas de Municipio Abracon y Consejero Nacional de Presidentes de Tribunal de Cuentas) CNPTC \u2013 Conselheiro <strong>Luis Antonio Guaran\u00e1<\/strong> (Presidente de Tribunal de Cuentas del Municipio de Rio de Janeiro)TCMRJ \u2013 Conselheiro <strong>Rodriguez &nbsp;Melo do Nascimento<\/strong> (Presidente del Tribunal de Cuentas del Estado de Rio de Janeiro) TCE-RJ.<\/p>\n<p><img loading=\"lazy\" class=\"alignnone size-full wp-image-3919\" src=\"http:\/\/htcformosa.gob.ar\/wp-content\/uploads\/2022\/11\/Foto-2.jpg\" alt=\"\" width=\"1080\" height=\"1080\" srcset=\"http:\/\/htcformosa.gob.ar\/wp-content\/uploads\/2022\/11\/Foto-2.jpg 1080w, http:\/\/htcformosa.gob.ar\/wp-content\/uploads\/2022\/11\/Foto-2-300x300.jpg 300w, http:\/\/htcformosa.gob.ar\/wp-content\/uploads\/2022\/11\/Foto-2-1024x1024.jpg 1024w, http:\/\/htcformosa.gob.ar\/wp-content\/uploads\/2022\/11\/Foto-2-150x150.jpg 150w, http:\/\/htcformosa.gob.ar\/wp-content\/uploads\/2022\/11\/Foto-2-768x768.jpg 768w, http:\/\/htcformosa.gob.ar\/wp-content\/uploads\/2022\/11\/Foto-2-100x100.jpg 100w\" sizes=\"(max-width: 767px) 89vw, (max-width: 1000px) 54vw, (max-width: 1071px) 543px, 580px\" \/><\/p>\n<p>Entre los principales contenidos destacaron la importancia del Control Externo como fortalecimiento de las Instituciones, el impacto de las pol\u00edticas p\u00fablicas, la integridad y su transparencia.<\/p>\n<p>&nbsp;&nbsp;&nbsp;&nbsp;&nbsp;&nbsp;&nbsp;&nbsp; La metodolog\u00eda fue el debate y el objeto estimular la reflexi\u00f3n y perfeccionamiento de las herramientas de control, compartiendo las vivencias y conocimientos.<\/p>\n<p>&nbsp;&nbsp;&nbsp;&nbsp;&nbsp;&nbsp;&nbsp;&nbsp; Este evento fue un Congreso multitudinario que no se daba desde la pandemia covid-19. En el mismo no solo participaron las Autoridades sino tambi\u00e9n los empleados de los Tribunales de Cuentas: 1.200 agentes y funcionarios. Aparte del Sal\u00f3n Auditorio, \u00e9ste encuentro tuvo la caracter\u00edstica de organizar en compartimentos las distintas conferencias y exposiciones seg\u00fan la tem\u00e1tica, ejemplo: Igualdad de G\u00e9nero en el Sistema de Tribunal de Cuentas, trabajo ambiental, Recursos Humanos y Sustentabilidad.<\/p>\n<p><img loading=\"lazy\" class=\"alignnone size-full wp-image-3922\" src=\"http:\/\/htcformosa.gob.ar\/wp-content\/uploads\/2022\/11\/Foto-3.jpg\" alt=\"\" width=\"1080\" height=\"1080\" srcset=\"http:\/\/htcformosa.gob.ar\/wp-content\/uploads\/2022\/11\/Foto-3.jpg 1080w, http:\/\/htcformosa.gob.ar\/wp-content\/uploads\/2022\/11\/Foto-3-300x300.jpg 300w, http:\/\/htcformosa.gob.ar\/wp-content\/uploads\/2022\/11\/Foto-3-1024x1024.jpg 1024w, http:\/\/htcformosa.gob.ar\/wp-content\/uploads\/2022\/11\/Foto-3-150x150.jpg 150w, http:\/\/htcformosa.gob.ar\/wp-content\/uploads\/2022\/11\/Foto-3-768x768.jpg 768w, http:\/\/htcformosa.gob.ar\/wp-content\/uploads\/2022\/11\/Foto-3-100x100.jpg 100w\" sizes=\"(max-width: 767px) 89vw, (max-width: 1000px) 54vw, (max-width: 1071px) 543px, 580px\" \/><\/p>\n<p>Cabe se\u00f1alar que la 6\u00ba Reuni\u00f3n de la A.S.U.R.&nbsp; cont\u00f3 con la participaci\u00f3n del Vice Contralor General del Paraguay <strong>Dr. Augusto Paiva.<\/strong><\/p>\n<p><img loading=\"lazy\" class=\"alignnone size-full wp-image-3923\" src=\"http:\/\/htcformosa.gob.ar\/wp-content\/uploads\/2022\/11\/Foto-4.jpg\" alt=\"\" width=\"1080\" height=\"1080\" srcset=\"http:\/\/htcformosa.gob.ar\/wp-content\/uploads\/2022\/11\/Foto-4.jpg 1080w, http:\/\/htcformosa.gob.ar\/wp-content\/uploads\/2022\/11\/Foto-4-300x300.jpg 300w, http:\/\/htcformosa.gob.ar\/wp-content\/uploads\/2022\/11\/Foto-4-1024x1024.jpg 1024w, http:\/\/htcformosa.gob.ar\/wp-content\/uploads\/2022\/11\/Foto-4-150x150.jpg 150w, http:\/\/htcformosa.gob.ar\/wp-content\/uploads\/2022\/11\/Foto-4-768x768.jpg 768w, http:\/\/htcformosa.gob.ar\/wp-content\/uploads\/2022\/11\/Foto-4-100x100.jpg 100w\" sizes=\"(max-width: 767px) 89vw, (max-width: 1000px) 54vw, (max-width: 1071px) 543px, 580px\" \/><\/p>\n<p>&nbsp;<\/p>\n<p><img loading=\"lazy\" class=\"alignnone size-full wp-image-3924\" src=\"http:\/\/htcformosa.gob.ar\/wp-content\/uploads\/2022\/11\/Foto-5.jpg\" alt=\"\" width=\"1080\" height=\"1080\" srcset=\"http:\/\/htcformosa.gob.ar\/wp-content\/uploads\/2022\/11\/Foto-5.jpg 1080w, http:\/\/htcformosa.gob.ar\/wp-content\/uploads\/2022\/11\/Foto-5-300x300.jpg 300w, http:\/\/htcformosa.gob.ar\/wp-content\/uploads\/2022\/11\/Foto-5-1024x1024.jpg 1024w, http:\/\/htcformosa.gob.ar\/wp-content\/uploads\/2022\/11\/Foto-5-150x150.jpg 150w, http:\/\/htcformosa.gob.ar\/wp-content\/uploads\/2022\/11\/Foto-5-768x768.jpg 768w, http:\/\/htcformosa.gob.ar\/wp-content\/uploads\/2022\/11\/Foto-5-100x100.jpg 100w\" sizes=\"(max-width: 767px) 89vw, (max-width: 1000px) 54vw, (max-width: 1071px) 543px, 580px\" \/><\/p>\n<p>La delegaci\u00f3n argentina tuvo el honor de que el Presidente del INTOSAI Bruno Dantas participara&nbsp; del evento.<\/p>\n<p><img loading=\"lazy\" class=\"alignnone size-full wp-image-3925\" src=\"http:\/\/htcformosa.gob.ar\/wp-content\/uploads\/2022\/11\/Foto-6.jpg\" alt=\"\" width=\"1080\" height=\"1080\" srcset=\"http:\/\/htcformosa.gob.ar\/wp-content\/uploads\/2022\/11\/Foto-6.jpg 1080w, http:\/\/htcformosa.gob.ar\/wp-content\/uploads\/2022\/11\/Foto-6-300x300.jpg 300w, http:\/\/htcformosa.gob.ar\/wp-content\/uploads\/2022\/11\/Foto-6-1024x1024.jpg 1024w, http:\/\/htcformosa.gob.ar\/wp-content\/uploads\/2022\/11\/Foto-6-150x150.jpg 150w, http:\/\/htcformosa.gob.ar\/wp-content\/uploads\/2022\/11\/Foto-6-768x768.jpg 768w, http:\/\/htcformosa.gob.ar\/wp-content\/uploads\/2022\/11\/Foto-6-100x100.jpg 100w\" sizes=\"(max-width: 767px) 89vw, (max-width: 1000px) 54vw, (max-width: 1071px) 543px, 580px\" \/><\/p>\n<p><img loading=\"lazy\" class=\"alignnone size-full wp-image-3926\" src=\"http:\/\/htcformosa.gob.ar\/wp-content\/uploads\/2022\/11\/Foto-7.jpg\" alt=\"\" width=\"1080\" height=\"1080\" srcset=\"http:\/\/htcformosa.gob.ar\/wp-content\/uploads\/2022\/11\/Foto-7.jpg 1080w, http:\/\/htcformosa.gob.ar\/wp-content\/uploads\/2022\/11\/Foto-7-300x300.jpg 300w, http:\/\/htcformosa.gob.ar\/wp-content\/uploads\/2022\/11\/Foto-7-1024x1024.jpg 1024w, http:\/\/htcformosa.gob.ar\/wp-content\/uploads\/2022\/11\/Foto-7-150x150.jpg 150w, http:\/\/htcformosa.gob.ar\/wp-content\/uploads\/2022\/11\/Foto-7-768x768.jpg 768w, http:\/\/htcformosa.gob.ar\/wp-content\/uploads\/2022\/11\/Foto-7-100x100.jpg 100w\" sizes=\"(max-width: 767px) 89vw, (max-width: 1000px) 54vw, (max-width: 1071px) 543px, 580px\" \/><\/p>\n<div style=\"width: 525px;\" class=\"wp-video\"><!--[if lt IE 9]><script>document.createElement('video');<\/script><![endif]-->\n<video class=\"wp-video-shortcode\" id=\"video-3921-1\" width=\"525\" height=\"525\" preload=\"metadata\" controls=\"controls\"><source type=\"video\/mp4\" src=\"http:\/\/htcformosa.gob.ar\/wp-content\/uploads\/2022\/11\/video.mp4?_=1\" \/><a href=\"http:\/\/htcformosa.gob.ar\/wp-content\/uploads\/2022\/11\/video.mp4\">http:\/\/htcformosa.gob.ar\/wp-content\/uploads\/2022\/11\/video.mp4<\/a><\/video><\/div>\n","protected":false},"excerpt":{"rendered":"<p>La Doctora Myriam Esther Radrizani, Presidente del Honorable Tribunal de Cuentas de Formosa fue invitada a participar al 8\u00ba Encuentro Nacional de Tribunales de Cuentas del 16 al 18\/11\/2022 en la ciudad de Rio de Janeiro, como Miembro de la Asociaci\u00f3n de Entidades Generales de Control P\u00fablico del Mercosur (A.S.U.R.) integrada por Argentina, Brasil y &hellip; <\/p>\n<p class=\"link-more\"><a href=\"http:\/\/www.htcformosa.gob.ar\/?p=3921\" class=\"more-link\">Continuar leyendo<span class=\"screen-reader-text\"> \u00ab8\u00ba Encuentro Nacional de Tribunales de Cuentas\u00bb<\/span><\/a><\/p>\n","protected":false},"author":12,"featured_media":0,"comment_status":"closed","ping_status":"closed","sticky":false,"template":"","format":"standard","meta":{"ngg_post_thumbnail":0},"categories":[1],"tags":[],"_links":{"self":[{"href":"http:\/\/www.htcformosa.gob.ar\/index.php?rest_route=\/wp\/v2\/posts\/3921"}],"collection":[{"href":"http:\/\/www.htcformosa.gob.ar\/index.php?rest_route=\/wp\/v2\/posts"}],"about":[{"href":"http:\/\/www.htcformosa.gob.ar\/index.php?rest_route=\/wp\/v2\/types\/post"}],"author":[{"embeddable":true,"href":"http:\/\/www.htcformosa.gob.ar\/index.php?rest_route=\/wp\/v2\/users\/12"}],"replies":[{"embeddable":true,"href":"http:\/\/www.htcformosa.gob.ar\/index.php?rest_route=%2Fwp%2Fv2%2Fcomments&post=3921"}],"version-history":[{"count":4,"href":"http:\/\/www.htcformosa.gob.ar\/index.php?rest_route=\/wp\/v2\/posts\/3921\/revisions"}],"predecessor-version":[{"id":3931,"href":"http:\/\/www.htcformosa.gob.ar\/index.php?rest_route=\/wp\/v2\/posts\/3921\/revisions\/3931"}],"wp:attachment":[{"href":"http:\/\/www.htcformosa.gob.ar\/index.php?rest_route=%2Fwp%2Fv2%2Fmedia&parent=3921"}],"wp:term":[{"taxonomy":"category","embeddable":true,"href":"http:\/\/www.htcformosa.gob.ar\/index.php?rest_route=%2Fwp%2Fv2%2Fcategories&post=3921"},{"taxonomy":"post_tag","embeddable":true,"href":"http:\/\/www.htcformosa.gob.ar\/index.php?rest_route=%2Fwp%2Fv2%2Ftags&post=3921"}],"curies":[{"name":"wp","href":"https:\/\/api.w.org\/{rel}","templated":true}]}}