{"id":4990,"date":"2023-09-06T15:40:37","date_gmt":"2023-09-06T15:40:37","guid":{"rendered":"http:\/\/www.htcformosa.gob.ar\/?p=4990"},"modified":"2023-09-06T15:42:11","modified_gmt":"2023-09-06T15:42:11","slug":"reunion-institucional-con-los-responsables-del-hospital-interdistrictal-evita","status":"publish","type":"post","link":"http:\/\/www.htcformosa.gob.ar\/?p=4990","title":{"rendered":"Reuni\u00f3n Institucional con los responsables del Hospital Interdistrital Evita"},"content":{"rendered":"<p>Siguiendo con la pol\u00edtica de comunicaci\u00f3n del Tribunal de Cuentas con los responsables de administrar fondos p\u00fablicos, en fecha 31 de agosto del corriente a\u00f1o se desarroll\u00f3 una reuni\u00f3n, en el Hospital Interdistrital de Contingencia Covid-19, con la C.P. Daniela Maricel Yegros jefa a cargo del Departamento de Coordinaci\u00f3n Administrativa como as\u00ed tambi\u00e9n responsable, del Departamento de Rendici\u00f3n de Cuentas del SAF, con el Dr. Leandro Hern\u00e1n Fabio a cargo del Dpto de Recursos Humanos y los funcionarios de este Organismo de Control Externo, la C.P. Marlene Alejandra Duarte, delegada fiscal, la Dra. N\u00e9lida Raquel Ferreiro, referente de la Vocal\u00eda \u00abA\u00bb a los fines de abordar cuestiones inherentes al procedimiento del control de Legajos del personal.<\/p>\n<p><img loading=\"lazy\" class=\"alignnone size-full wp-image-4991\" src=\"http:\/\/htcformosa.gob.ar\/wp-content\/uploads\/2023\/09\/2.jpg\" alt=\"\" width=\"1080\" height=\"1080\" srcset=\"http:\/\/htcformosa.gob.ar\/wp-content\/uploads\/2023\/09\/2.jpg 1080w, http:\/\/htcformosa.gob.ar\/wp-content\/uploads\/2023\/09\/2-300x300.jpg 300w, http:\/\/htcformosa.gob.ar\/wp-content\/uploads\/2023\/09\/2-1024x1024.jpg 1024w, http:\/\/htcformosa.gob.ar\/wp-content\/uploads\/2023\/09\/2-150x150.jpg 150w, http:\/\/htcformosa.gob.ar\/wp-content\/uploads\/2023\/09\/2-768x768.jpg 768w, http:\/\/htcformosa.gob.ar\/wp-content\/uploads\/2023\/09\/2-100x100.jpg 100w\" sizes=\"(max-width: 767px) 89vw, (max-width: 1000px) 54vw, (max-width: 1071px) 543px, 580px\" \/> <img loading=\"lazy\" class=\"alignnone size-full wp-image-4992\" src=\"http:\/\/htcformosa.gob.ar\/wp-content\/uploads\/2023\/09\/3.jpg\" alt=\"\" width=\"1080\" height=\"1080\" srcset=\"http:\/\/htcformosa.gob.ar\/wp-content\/uploads\/2023\/09\/3.jpg 1080w, http:\/\/htcformosa.gob.ar\/wp-content\/uploads\/2023\/09\/3-300x300.jpg 300w, http:\/\/htcformosa.gob.ar\/wp-content\/uploads\/2023\/09\/3-1024x1024.jpg 1024w, http:\/\/htcformosa.gob.ar\/wp-content\/uploads\/2023\/09\/3-150x150.jpg 150w, http:\/\/htcformosa.gob.ar\/wp-content\/uploads\/2023\/09\/3-768x768.jpg 768w, http:\/\/htcformosa.gob.ar\/wp-content\/uploads\/2023\/09\/3-100x100.jpg 100w\" sizes=\"(max-width: 767px) 89vw, (max-width: 1000px) 54vw, (max-width: 1071px) 543px, 580px\" \/> <img loading=\"lazy\" class=\"alignnone size-full wp-image-4993\" src=\"http:\/\/htcformosa.gob.ar\/wp-content\/uploads\/2023\/09\/Imagen-de-WhatsApp-2023-09-06-a-las-12.04.31.jpg\" alt=\"\" width=\"1080\" height=\"1080\" srcset=\"http:\/\/htcformosa.gob.ar\/wp-content\/uploads\/2023\/09\/Imagen-de-WhatsApp-2023-09-06-a-las-12.04.31.jpg 1080w, http:\/\/htcformosa.gob.ar\/wp-content\/uploads\/2023\/09\/Imagen-de-WhatsApp-2023-09-06-a-las-12.04.31-300x300.jpg 300w, http:\/\/htcformosa.gob.ar\/wp-content\/uploads\/2023\/09\/Imagen-de-WhatsApp-2023-09-06-a-las-12.04.31-1024x1024.jpg 1024w, http:\/\/htcformosa.gob.ar\/wp-content\/uploads\/2023\/09\/Imagen-de-WhatsApp-2023-09-06-a-las-12.04.31-150x150.jpg 150w, http:\/\/htcformosa.gob.ar\/wp-content\/uploads\/2023\/09\/Imagen-de-WhatsApp-2023-09-06-a-las-12.04.31-768x768.jpg 768w, http:\/\/htcformosa.gob.ar\/wp-content\/uploads\/2023\/09\/Imagen-de-WhatsApp-2023-09-06-a-las-12.04.31-100x100.jpg 100w\" sizes=\"(max-width: 767px) 89vw, (max-width: 1000px) 54vw, (max-width: 1071px) 543px, 580px\" \/><\/p>\n","protected":false},"excerpt":{"rendered":"<p>Siguiendo con la pol\u00edtica de comunicaci\u00f3n del Tribunal de Cuentas con los responsables de administrar fondos p\u00fablicos, en fecha 31 de agosto del corriente a\u00f1o se desarroll\u00f3 una reuni\u00f3n, en el Hospital Interdistrital de Contingencia Covid-19, con la C.P. Daniela Maricel Yegros jefa a cargo del Departamento de Coordinaci\u00f3n Administrativa como as\u00ed tambi\u00e9n responsable, del &hellip; <\/p>\n<p class=\"link-more\"><a href=\"http:\/\/www.htcformosa.gob.ar\/?p=4990\" class=\"more-link\">Continuar leyendo<span class=\"screen-reader-text\"> \u00abReuni\u00f3n Institucional con los responsables del Hospital Interdistrital Evita\u00bb<\/span><\/a><\/p>\n","protected":false},"author":12,"featured_media":0,"comment_status":"closed","ping_status":"closed","sticky":false,"template":"","format":"standard","meta":{"ngg_post_thumbnail":0},"categories":[1],"tags":[],"_links":{"self":[{"href":"http:\/\/www.htcformosa.gob.ar\/index.php?rest_route=\/wp\/v2\/posts\/4990"}],"collection":[{"href":"http:\/\/www.htcformosa.gob.ar\/index.php?rest_route=\/wp\/v2\/posts"}],"about":[{"href":"http:\/\/www.htcformosa.gob.ar\/index.php?rest_route=\/wp\/v2\/types\/post"}],"author":[{"embeddable":true,"href":"http:\/\/www.htcformosa.gob.ar\/index.php?rest_route=\/wp\/v2\/users\/12"}],"replies":[{"embeddable":true,"href":"http:\/\/www.htcformosa.gob.ar\/index.php?rest_route=%2Fwp%2Fv2%2Fcomments&post=4990"}],"version-history":[{"count":2,"href":"http:\/\/www.htcformosa.gob.ar\/index.php?rest_route=\/wp\/v2\/posts\/4990\/revisions"}],"predecessor-version":[{"id":4995,"href":"http:\/\/www.htcformosa.gob.ar\/index.php?rest_route=\/wp\/v2\/posts\/4990\/revisions\/4995"}],"wp:attachment":[{"href":"http:\/\/www.htcformosa.gob.ar\/index.php?rest_route=%2Fwp%2Fv2%2Fmedia&parent=4990"}],"wp:term":[{"taxonomy":"category","embeddable":true,"href":"http:\/\/www.htcformosa.gob.ar\/index.php?rest_route=%2Fwp%2Fv2%2Fcategories&post=4990"},{"taxonomy":"post_tag","embeddable":true,"href":"http:\/\/www.htcformosa.gob.ar\/index.php?rest_route=%2Fwp%2Fv2%2Ftags&post=4990"}],"curies":[{"name":"wp","href":"https:\/\/api.w.org\/{rel}","templated":true}]}}