{"id":5163,"date":"2023-10-25T15:28:35","date_gmt":"2023-10-25T15:28:35","guid":{"rendered":"http:\/\/www.htcformosa.gob.ar\/?p=5163"},"modified":"2023-11-03T16:06:38","modified_gmt":"2023-11-03T16:06:38","slug":"agradecimiento-especial-del-honorable-tribunal-de-cuentas-de-la-provincia-de-formosa-al-hospital-2-de-abril","status":"publish","type":"post","link":"http:\/\/www.htcformosa.gob.ar\/?p=5163","title":{"rendered":"Agradecimiento Especial del Honorable Tribunal de Cuentas de la Provincia de Formosa al Hospital 2 de Abril (Dr. Adolfo Lippmann)"},"content":{"rendered":"<p><img loading=\"lazy\" class=\"alignnone size-full wp-image-5164\" src=\"http:\/\/htcformosa.gob.ar\/wp-content\/uploads\/2023\/10\/IMG-20231025-WA0010.jpg\" alt=\"\" width=\"1080\" height=\"1080\" srcset=\"http:\/\/htcformosa.gob.ar\/wp-content\/uploads\/2023\/10\/IMG-20231025-WA0010.jpg 1080w, http:\/\/htcformosa.gob.ar\/wp-content\/uploads\/2023\/10\/IMG-20231025-WA0010-300x300.jpg 300w, http:\/\/htcformosa.gob.ar\/wp-content\/uploads\/2023\/10\/IMG-20231025-WA0010-1024x1024.jpg 1024w, http:\/\/htcformosa.gob.ar\/wp-content\/uploads\/2023\/10\/IMG-20231025-WA0010-150x150.jpg 150w, http:\/\/htcformosa.gob.ar\/wp-content\/uploads\/2023\/10\/IMG-20231025-WA0010-768x768.jpg 768w, http:\/\/htcformosa.gob.ar\/wp-content\/uploads\/2023\/10\/IMG-20231025-WA0010-100x100.jpg 100w\" sizes=\"(max-width: 767px) 89vw, (max-width: 1000px) 54vw, (max-width: 1071px) 543px, 580px\" \/><\/p>\n<p style=\"text-align: justify;\">Nos sentimos profundamente agradecidos y queremos extender nuestro reconocimiento al Dr. Marcelo Villarroel, Director del Hospital 2 de Abril (\u201cDr. Adolfo Lippmann \u201d), as\u00ed como a las Licenciadas Roxana Ram\u00edrez y Elisa Insfran del Servicio de Mamograf\u00eda. Su dedicaci\u00f3n y atenci\u00f3n excepcional han sido invaluable para las mujeres de nuestro Tribunal.<br \/>\nEn el marco del \u00abMes Rosa\u00bb, dedicado al cuidado y prevenci\u00f3n del c\u00e1ncer de mama, es esencial destacar la importancia de la detecci\u00f3n temprana para mejorar las posibilidades de un tratamiento efectivo. Ello nos recuerda la necesidad de realizar mamograf\u00edas con regularidad, autoexaminarnos y estar alertas a cualquier alteraci\u00f3n. No podemos subestimar el poder de la detecci\u00f3n temprana, un acto que puede marcar una gran diferencia en la vida.<\/p>\n<p style=\"text-align: justify;\">Nuestro sincero agradecimiento,<\/p>\n<p style=\"text-align: justify;\">Dra. Myriam Radrizani, Presidenta<br \/>\nC.P. Andr\u00e9s Pablo Ben\u00edtez, Vocal \u201cA\u201d<br \/>\nC.P. Agustina Schiavoni,&nbsp;Vocal&nbsp;\u201cB\u201d<\/p>\n<!-- default-view.php -->\n<div\n\tclass=\"ngg-galleryoverview default-view \"\n\tid=\"ngg-gallery-903fc32b47117f2f19c8f06b1c1cecb8-1\">\n\n\t\t<!-- Thumbnails -->\n\t\t\t\t<div id=\"ngg-image-0\" class=\"ngg-gallery-thumbnail-box ngg-3-columns\" >\n\t\t\t\t        <div class=\"ngg-gallery-thumbnail\">\n            <a href=\"http:\/\/htcformosa.gob.ar\/wp-content\/gallery\/mes-rosa-2023\/IMG-20231025-WA0013.jpg\"\n               title=\"\"\n               data-src=\"http:\/\/htcformosa.gob.ar\/wp-content\/gallery\/mes-rosa-2023\/IMG-20231025-WA0013.jpg\"\n               data-thumbnail=\"http:\/\/htcformosa.gob.ar\/wp-content\/gallery\/mes-rosa-2023\/thumbs\/thumbs_IMG-20231025-WA0013.jpg\"\n               data-image-id=\"837\"\n               data-title=\"IMG-20231025-WA0013\"\n               data-description=\"\"\n               data-image-slug=\"img-20231025-wa0013\"\n               class=\"ngg-simplelightbox\" rel=\"903fc32b47117f2f19c8f06b1c1cecb8\">\n                <img\n                    title=\"IMG-20231025-WA0013\"\n                    alt=\"IMG-20231025-WA0013\"\n                    src=\"http:\/\/htcformosa.gob.ar\/wp-content\/gallery\/mes-rosa-2023\/thumbs\/thumbs_IMG-20231025-WA0013.jpg\"\n                    width=\"240\"\n                    height=\"160\"\n                    style=\"max-width:100%;\"\n                \/>\n            <\/a>\n        <\/div>\n\t\t\t\t\t\t\t<\/div> \n\t\t\t\n\t\t\t\t<div id=\"ngg-image-1\" class=\"ngg-gallery-thumbnail-box ngg-3-columns\" >\n\t\t\t\t        <div class=\"ngg-gallery-thumbnail\">\n            <a href=\"http:\/\/htcformosa.gob.ar\/wp-content\/gallery\/mes-rosa-2023\/IMG-20231025-WA0008.jpg\"\n               title=\"\"\n               data-src=\"http:\/\/htcformosa.gob.ar\/wp-content\/gallery\/mes-rosa-2023\/IMG-20231025-WA0008.jpg\"\n               data-thumbnail=\"http:\/\/htcformosa.gob.ar\/wp-content\/gallery\/mes-rosa-2023\/thumbs\/thumbs_IMG-20231025-WA0008.jpg\"\n               data-image-id=\"834\"\n               data-title=\"IMG-20231025-WA0008\"\n               data-description=\"\"\n               data-image-slug=\"img-20231025-wa0008\"\n               class=\"ngg-simplelightbox\" rel=\"903fc32b47117f2f19c8f06b1c1cecb8\">\n                <img\n                    title=\"IMG-20231025-WA0008\"\n                    alt=\"IMG-20231025-WA0008\"\n                    src=\"http:\/\/htcformosa.gob.ar\/wp-content\/gallery\/mes-rosa-2023\/thumbs\/thumbs_IMG-20231025-WA0008.jpg\"\n                    width=\"240\"\n                    height=\"160\"\n                    style=\"max-width:100%;\"\n                \/>\n            <\/a>\n        <\/div>\n\t\t\t\t\t\t\t<\/div> \n\t\t\t\n\t\t\t\t<div id=\"ngg-image-2\" class=\"ngg-gallery-thumbnail-box ngg-3-columns\" >\n\t\t\t\t        <div class=\"ngg-gallery-thumbnail\">\n            <a href=\"http:\/\/htcformosa.gob.ar\/wp-content\/gallery\/mes-rosa-2023\/IMG-20231025-WA0009.jpg\"\n               title=\"\"\n               data-src=\"http:\/\/htcformosa.gob.ar\/wp-content\/gallery\/mes-rosa-2023\/IMG-20231025-WA0009.jpg\"\n               data-thumbnail=\"http:\/\/htcformosa.gob.ar\/wp-content\/gallery\/mes-rosa-2023\/thumbs\/thumbs_IMG-20231025-WA0009.jpg\"\n               data-image-id=\"840\"\n               data-title=\"IMG-20231025-WA0009\"\n               data-description=\"\"\n               data-image-slug=\"img-20231025-wa0009\"\n               class=\"ngg-simplelightbox\" rel=\"903fc32b47117f2f19c8f06b1c1cecb8\">\n                <img\n                    title=\"IMG-20231025-WA0009\"\n                    alt=\"IMG-20231025-WA0009\"\n                    src=\"http:\/\/htcformosa.gob.ar\/wp-content\/gallery\/mes-rosa-2023\/thumbs\/thumbs_IMG-20231025-WA0009.jpg\"\n                    width=\"240\"\n                    height=\"160\"\n                    style=\"max-width:100%;\"\n                \/>\n            <\/a>\n        <\/div>\n\t\t\t\t\t\t\t<\/div> \n\t\t\t\n\t\t\t\t<div id=\"ngg-image-3\" class=\"ngg-gallery-thumbnail-box ngg-3-columns\" >\n\t\t\t\t        <div class=\"ngg-gallery-thumbnail\">\n            <a href=\"http:\/\/htcformosa.gob.ar\/wp-content\/gallery\/mes-rosa-2023\/IMG-20231025-WA0015.jpg\"\n               title=\"\"\n               data-src=\"http:\/\/htcformosa.gob.ar\/wp-content\/gallery\/mes-rosa-2023\/IMG-20231025-WA0015.jpg\"\n               data-thumbnail=\"http:\/\/htcformosa.gob.ar\/wp-content\/gallery\/mes-rosa-2023\/thumbs\/thumbs_IMG-20231025-WA0015.jpg\"\n               data-image-id=\"835\"\n               data-title=\"IMG-20231025-WA0015\"\n               data-description=\"\"\n               data-image-slug=\"img-20231025-wa0015\"\n               class=\"ngg-simplelightbox\" rel=\"903fc32b47117f2f19c8f06b1c1cecb8\">\n                <img\n                    title=\"IMG-20231025-WA0015\"\n                    alt=\"IMG-20231025-WA0015\"\n                    src=\"http:\/\/htcformosa.gob.ar\/wp-content\/gallery\/mes-rosa-2023\/thumbs\/thumbs_IMG-20231025-WA0015.jpg\"\n                    width=\"240\"\n                    height=\"160\"\n                    style=\"max-width:100%;\"\n                \/>\n            <\/a>\n        <\/div>\n\t\t\t\t\t\t\t<\/div> \n\t\t\t\n\t\t\t\t<div id=\"ngg-image-4\" class=\"ngg-gallery-thumbnail-box ngg-3-columns\" >\n\t\t\t\t        <div class=\"ngg-gallery-thumbnail\">\n            <a href=\"http:\/\/htcformosa.gob.ar\/wp-content\/gallery\/mes-rosa-2023\/IMG-20231025-WA0014.jpg\"\n               title=\"\"\n               data-src=\"http:\/\/htcformosa.gob.ar\/wp-content\/gallery\/mes-rosa-2023\/IMG-20231025-WA0014.jpg\"\n               data-thumbnail=\"http:\/\/htcformosa.gob.ar\/wp-content\/gallery\/mes-rosa-2023\/thumbs\/thumbs_IMG-20231025-WA0014.jpg\"\n               data-image-id=\"836\"\n               data-title=\"IMG-20231025-WA0014\"\n               data-description=\"\"\n               data-image-slug=\"img-20231025-wa0014\"\n               class=\"ngg-simplelightbox\" rel=\"903fc32b47117f2f19c8f06b1c1cecb8\">\n                <img\n                    title=\"IMG-20231025-WA0014\"\n                    alt=\"IMG-20231025-WA0014\"\n                    src=\"http:\/\/htcformosa.gob.ar\/wp-content\/gallery\/mes-rosa-2023\/thumbs\/thumbs_IMG-20231025-WA0014.jpg\"\n                    width=\"240\"\n                    height=\"160\"\n                    style=\"max-width:100%;\"\n                \/>\n            <\/a>\n        <\/div>\n\t\t\t\t\t\t\t<\/div> \n\t\t\t\n\t\t\t\t<div id=\"ngg-image-5\" class=\"ngg-gallery-thumbnail-box ngg-3-columns\" >\n\t\t\t\t        <div class=\"ngg-gallery-thumbnail\">\n            <a href=\"http:\/\/htcformosa.gob.ar\/wp-content\/gallery\/mes-rosa-2023\/IMG-20231025-WA0012.jpg\"\n               title=\"\"\n               data-src=\"http:\/\/htcformosa.gob.ar\/wp-content\/gallery\/mes-rosa-2023\/IMG-20231025-WA0012.jpg\"\n               data-thumbnail=\"http:\/\/htcformosa.gob.ar\/wp-content\/gallery\/mes-rosa-2023\/thumbs\/thumbs_IMG-20231025-WA0012.jpg\"\n               data-image-id=\"838\"\n               data-title=\"IMG-20231025-WA0012\"\n               data-description=\"\"\n               data-image-slug=\"img-20231025-wa0012\"\n               class=\"ngg-simplelightbox\" rel=\"903fc32b47117f2f19c8f06b1c1cecb8\">\n                <img\n                    title=\"IMG-20231025-WA0012\"\n                    alt=\"IMG-20231025-WA0012\"\n                    src=\"http:\/\/htcformosa.gob.ar\/wp-content\/gallery\/mes-rosa-2023\/thumbs\/thumbs_IMG-20231025-WA0012.jpg\"\n                    width=\"240\"\n                    height=\"160\"\n                    style=\"max-width:100%;\"\n                \/>\n            <\/a>\n        <\/div>\n\t\t\t\t\t\t\t<\/div> \n\t\t\t\n\t\t\t\t<div id=\"ngg-image-6\" class=\"ngg-gallery-thumbnail-box ngg-3-columns\" >\n\t\t\t\t        <div class=\"ngg-gallery-thumbnail\">\n            <a href=\"http:\/\/htcformosa.gob.ar\/wp-content\/gallery\/mes-rosa-2023\/IMG-20231025-WA0011.jpg\"\n               title=\"\"\n               data-src=\"http:\/\/htcformosa.gob.ar\/wp-content\/gallery\/mes-rosa-2023\/IMG-20231025-WA0011.jpg\"\n               data-thumbnail=\"http:\/\/htcformosa.gob.ar\/wp-content\/gallery\/mes-rosa-2023\/thumbs\/thumbs_IMG-20231025-WA0011.jpg\"\n               data-image-id=\"839\"\n               data-title=\"IMG-20231025-WA0011\"\n               data-description=\"\"\n               data-image-slug=\"img-20231025-wa0011\"\n               class=\"ngg-simplelightbox\" rel=\"903fc32b47117f2f19c8f06b1c1cecb8\">\n                <img\n                    title=\"IMG-20231025-WA0011\"\n                    alt=\"IMG-20231025-WA0011\"\n                    src=\"http:\/\/htcformosa.gob.ar\/wp-content\/gallery\/mes-rosa-2023\/thumbs\/thumbs_IMG-20231025-WA0011.jpg\"\n                    width=\"240\"\n                    height=\"160\"\n                    style=\"max-width:100%;\"\n                \/>\n            <\/a>\n        <\/div>\n\t\t\t\t\t\t\t<\/div> \n\t\t\t\n\t\n\t<br style=\"clear: both\" \/>\n\n\t\n\t\t<!-- Pagination -->\n\t<div class='ngg-clear'><\/div>\t<\/div>\n\n","protected":false},"excerpt":{"rendered":"<p>Nos sentimos profundamente agradecidos y queremos extender nuestro reconocimiento al Dr. Marcelo Villarroel, Director del Hospital 2 de Abril (\u201cDr. Adolfo Lippmann \u201d), as\u00ed como a las Licenciadas Roxana Ram\u00edrez y Elisa Insfran del Servicio de Mamograf\u00eda. Su dedicaci\u00f3n y atenci\u00f3n excepcional han sido invaluable para las mujeres de nuestro Tribunal. En el marco del &hellip; <\/p>\n<p class=\"link-more\"><a href=\"http:\/\/www.htcformosa.gob.ar\/?p=5163\" class=\"more-link\">Continuar leyendo<span class=\"screen-reader-text\"> \u00abAgradecimiento Especial del Honorable Tribunal de Cuentas de la Provincia de Formosa al Hospital 2 de Abril (Dr. Adolfo Lippmann)\u00bb<\/span><\/a><\/p>\n","protected":false},"author":12,"featured_media":0,"comment_status":"closed","ping_status":"closed","sticky":false,"template":"","format":"standard","meta":{"ngg_post_thumbnail":0},"categories":[1],"tags":[],"_links":{"self":[{"href":"http:\/\/www.htcformosa.gob.ar\/index.php?rest_route=\/wp\/v2\/posts\/5163"}],"collection":[{"href":"http:\/\/www.htcformosa.gob.ar\/index.php?rest_route=\/wp\/v2\/posts"}],"about":[{"href":"http:\/\/www.htcformosa.gob.ar\/index.php?rest_route=\/wp\/v2\/types\/post"}],"author":[{"embeddable":true,"href":"http:\/\/www.htcformosa.gob.ar\/index.php?rest_route=\/wp\/v2\/users\/12"}],"replies":[{"embeddable":true,"href":"http:\/\/www.htcformosa.gob.ar\/index.php?rest_route=%2Fwp%2Fv2%2Fcomments&post=5163"}],"version-history":[{"count":9,"href":"http:\/\/www.htcformosa.gob.ar\/index.php?rest_route=\/wp\/v2\/posts\/5163\/revisions"}],"predecessor-version":[{"id":5256,"href":"http:\/\/www.htcformosa.gob.ar\/index.php?rest_route=\/wp\/v2\/posts\/5163\/revisions\/5256"}],"wp:attachment":[{"href":"http:\/\/www.htcformosa.gob.ar\/index.php?rest_route=%2Fwp%2Fv2%2Fmedia&parent=5163"}],"wp:term":[{"taxonomy":"category","embeddable":true,"href":"http:\/\/www.htcformosa.gob.ar\/index.php?rest_route=%2Fwp%2Fv2%2Fcategories&post=5163"},{"taxonomy":"post_tag","embeddable":true,"href":"http:\/\/www.htcformosa.gob.ar\/index.php?rest_route=%2Fwp%2Fv2%2Ftags&post=5163"}],"curies":[{"name":"wp","href":"https:\/\/api.w.org\/{rel}","templated":true}]}}