{"id":5823,"date":"2024-04-24T00:39:19","date_gmt":"2024-04-24T00:39:19","guid":{"rendered":"http:\/\/www.htcformosa.gob.ar\/?p=5823"},"modified":"2024-04-24T00:42:13","modified_gmt":"2024-04-24T00:42:13","slug":"primera-reunion-anual-del-consejo-directivo-del-secretariado-permanente-de-tribunales-de-cuentas-organos-y-organismos-publicos-de-control-externo-de-la-republica-argentina","status":"publish","type":"post","link":"http:\/\/www.htcformosa.gob.ar\/?p=5823","title":{"rendered":"Primera Reuni\u00f3n Anual del Consejo Directivo del Secretariado Permanente de Tribunales de Cuentas, \u00d3rganos y Organismos P\u00fablicos de Control Externo de la Rep\u00fablica Argentina"},"content":{"rendered":"<p>El Tribunal de Cuentas de la Provincia de Formosa estuvo presente en la Primera Reuni\u00f3n Anual del Secretariado Permanente de Tribunales de Cuentas, \u00d3rganos y Organismos P\u00fablicos de Control Externo de la Rep\u00fablica Argentina en Santa Rosa La Pampa. Contando con&nbsp;la participaci\u00f3n de la Presidenta Dra. Myriam Esther Radrizani y los vocales Dr. Pablo Andr\u00e9s Ben\u00edtez y la Dra. Agustina Roxana Schiavoni, miembros del HTC.<\/p>\n<p>El encuentro cont\u00f3 con la presencia del gobernador de La Pampa Sergio Ziliotto; de la presidenta del Tribunal de Cuentas de La Pampa, Mar\u00eda Alejandra Mac Allister; el presidente del Secretariado Permanente de Tribunales de Cuentas de la Rep\u00fablica Argentina (SPTCRA) y el presidente de la Red Federal de Control P\u00fablico y s\u00edndico general de la Naci\u00f3n, Miguel Carlos Blanco, entre otras autoridades.<\/p>\n<p><img loading=\"lazy\" class=\"size-full wp-image-5824 aligncenter\" src=\"http:\/\/htcformosa.gob.ar\/wp-content\/uploads\/2024\/04\/portada.jpeg\" alt=\"\" width=\"1280\" height=\"1280\" srcset=\"http:\/\/htcformosa.gob.ar\/wp-content\/uploads\/2024\/04\/portada.jpeg 1280w, http:\/\/htcformosa.gob.ar\/wp-content\/uploads\/2024\/04\/portada-300x300.jpeg 300w, http:\/\/htcformosa.gob.ar\/wp-content\/uploads\/2024\/04\/portada-1024x1024.jpeg 1024w, http:\/\/htcformosa.gob.ar\/wp-content\/uploads\/2024\/04\/portada-150x150.jpeg 150w, http:\/\/htcformosa.gob.ar\/wp-content\/uploads\/2024\/04\/portada-768x768.jpeg 768w, http:\/\/htcformosa.gob.ar\/wp-content\/uploads\/2024\/04\/portada-100x100.jpeg 100w\" sizes=\"(max-width: 767px) 89vw, (max-width: 1000px) 54vw, (max-width: 1071px) 543px, 580px\" \/><\/p>\n<p>Durante su alocuci\u00f3n, el gobernador expreso que \u00abes un honor participar de un encuentro de esta magnitud. Hablar de control, es hablar de legalidad, de transparencia, pero por sobre todo de calidad institucional. Quienes tenemos la responsabilidad de administrar recursos p\u00fablicos y debemos d\u00eda a d\u00eda tomar decisiones que afectan a la vida de cada pampeana y pampeana, que tienen que ver con la administraci\u00f3n de fondos p\u00fablicos, el control es el mejor aliado que podemos tener. Desde esa concepci\u00f3n de cu\u00e1les son los fundamentos de la institucionalidad, pero tambi\u00e9n la convicci\u00f3n personal e ideol\u00f3gica desde el Gobierno provincial siempre propiciamos un mejor y mayor control\u00bb.<\/p>\n<p>Destac\u00f3 el \u00abcompromiso y la profesionalidad\u00bb del personal del TdC. Se refiri\u00f3 a la pandemia y \u00aba pesar de tener dictada una ley de emergencia p\u00fablica, econ\u00f3mica y sanitaria dictada por la Legislatura nunca evadimos el control del TdC. Y eso fue posible por el compromiso tambi\u00e9n del TdC\u00bb.<\/p>\n<p>Para finalizar, dijo que \u00abhay que ir por m\u00e1s y mejor control porque es una de las principales bases de sustentaci\u00f3n de la calidad institucional. Es algo que toda la dirigencia de La Pampa valoramos que es la calidad institucional y el control social\u00bb.<\/p>\n<p>Por su parte, Sergio Oste destac\u00f3 que \u00ablos organismos de control necesariamente tienen que ser independiente de los poderes del Estado, porque los controla objetivamente con un \u00fanico jefe que es la Ley. El sometimiento a la Ley que es lo que demanda la sociedad y acomodarla de acuerdo a la circunstancialidad del poder no es lo que reclama la sociedad. Los problemas sociales son otros\u00bb.<\/p>\n<!-- default-view.php -->\n<div\n\tclass=\"ngg-galleryoverview default-view \"\n\tid=\"ngg-gallery-456011e0c4dd2637a937962b6e2e1f70-1\">\n\n\t\t<!-- Thumbnails -->\n\t\t\t\t<div id=\"ngg-image-0\" class=\"ngg-gallery-thumbnail-box \" >\n\t\t\t\t        <div class=\"ngg-gallery-thumbnail\">\n            <a href=\"http:\/\/htcformosa.gob.ar\/wp-content\/gallery\/sptc-lapampa\/tc-1.jpeg\"\n               title=\"\"\n               data-src=\"http:\/\/htcformosa.gob.ar\/wp-content\/gallery\/sptc-lapampa\/tc-1.jpeg\"\n               data-thumbnail=\"http:\/\/htcformosa.gob.ar\/wp-content\/gallery\/sptc-lapampa\/thumbs\/thumbs_tc-1.jpeg\"\n               data-image-id=\"1010\"\n               data-title=\"tc-1\"\n               data-description=\"\"\n               data-image-slug=\"tc-1\"\n               class=\"ngg-simplelightbox\" rel=\"456011e0c4dd2637a937962b6e2e1f70\">\n                <img\n                    title=\"tc-1\"\n                    alt=\"tc-1\"\n                    src=\"http:\/\/htcformosa.gob.ar\/wp-content\/gallery\/sptc-lapampa\/thumbs\/thumbs_tc-1.jpeg\"\n                    width=\"240\"\n                    height=\"160\"\n                    style=\"max-width:100%;\"\n                \/>\n            <\/a>\n        <\/div>\n\t\t\t\t\t\t\t<\/div> \n\t\t\t\n\t\t\t\t<div id=\"ngg-image-1\" class=\"ngg-gallery-thumbnail-box \" >\n\t\t\t\t        <div class=\"ngg-gallery-thumbnail\">\n            <a href=\"http:\/\/htcformosa.gob.ar\/wp-content\/gallery\/sptc-lapampa\/tc-2.jpeg\"\n               title=\"\"\n               data-src=\"http:\/\/htcformosa.gob.ar\/wp-content\/gallery\/sptc-lapampa\/tc-2.jpeg\"\n               data-thumbnail=\"http:\/\/htcformosa.gob.ar\/wp-content\/gallery\/sptc-lapampa\/thumbs\/thumbs_tc-2.jpeg\"\n               data-image-id=\"1011\"\n               data-title=\"tc-2\"\n               data-description=\"\"\n               data-image-slug=\"tc-2\"\n               class=\"ngg-simplelightbox\" rel=\"456011e0c4dd2637a937962b6e2e1f70\">\n                <img\n                    title=\"tc-2\"\n                    alt=\"tc-2\"\n                    src=\"http:\/\/htcformosa.gob.ar\/wp-content\/gallery\/sptc-lapampa\/thumbs\/thumbs_tc-2.jpeg\"\n                    width=\"240\"\n                    height=\"160\"\n                    style=\"max-width:100%;\"\n                \/>\n            <\/a>\n        <\/div>\n\t\t\t\t\t\t\t<\/div> \n\t\t\t\n\t\t\t\t<div id=\"ngg-image-2\" class=\"ngg-gallery-thumbnail-box \" >\n\t\t\t\t        <div class=\"ngg-gallery-thumbnail\">\n            <a href=\"http:\/\/htcformosa.gob.ar\/wp-content\/gallery\/sptc-lapampa\/tc-3.jpeg\"\n               title=\"\"\n               data-src=\"http:\/\/htcformosa.gob.ar\/wp-content\/gallery\/sptc-lapampa\/tc-3.jpeg\"\n               data-thumbnail=\"http:\/\/htcformosa.gob.ar\/wp-content\/gallery\/sptc-lapampa\/thumbs\/thumbs_tc-3.jpeg\"\n               data-image-id=\"1012\"\n               data-title=\"tc-3\"\n               data-description=\"\"\n               data-image-slug=\"tc-3\"\n               class=\"ngg-simplelightbox\" rel=\"456011e0c4dd2637a937962b6e2e1f70\">\n                <img\n                    title=\"tc-3\"\n                    alt=\"tc-3\"\n                    src=\"http:\/\/htcformosa.gob.ar\/wp-content\/gallery\/sptc-lapampa\/thumbs\/thumbs_tc-3.jpeg\"\n                    width=\"240\"\n                    height=\"160\"\n                    style=\"max-width:100%;\"\n                \/>\n            <\/a>\n        <\/div>\n\t\t\t\t\t\t\t<\/div> \n\t\t\t\n\t\n\t<br style=\"clear: both\" \/>\n\n\t\n\t\t<!-- Pagination -->\n\t<div class='ngg-clear'><\/div>\t<\/div>\n\n","protected":false},"excerpt":{"rendered":"<p>El Tribunal de Cuentas de la Provincia de Formosa estuvo presente en la Primera Reuni\u00f3n Anual del Secretariado Permanente de Tribunales de Cuentas, \u00d3rganos y Organismos P\u00fablicos de Control Externo de la Rep\u00fablica Argentina en Santa Rosa La Pampa. Contando con&nbsp;la participaci\u00f3n de la Presidenta Dra. Myriam Esther Radrizani y los vocales Dr. Pablo Andr\u00e9s &hellip; <\/p>\n<p class=\"link-more\"><a href=\"http:\/\/www.htcformosa.gob.ar\/?p=5823\" class=\"more-link\">Continuar leyendo<span class=\"screen-reader-text\"> \u00abPrimera Reuni\u00f3n Anual del Consejo Directivo del Secretariado Permanente de Tribunales de Cuentas, \u00d3rganos y Organismos P\u00fablicos de Control Externo de la Rep\u00fablica Argentina\u00bb<\/span><\/a><\/p>\n","protected":false},"author":12,"featured_media":0,"comment_status":"closed","ping_status":"closed","sticky":false,"template":"","format":"standard","meta":{"ngg_post_thumbnail":0},"categories":[1],"tags":[],"_links":{"self":[{"href":"http:\/\/www.htcformosa.gob.ar\/index.php?rest_route=\/wp\/v2\/posts\/5823"}],"collection":[{"href":"http:\/\/www.htcformosa.gob.ar\/index.php?rest_route=\/wp\/v2\/posts"}],"about":[{"href":"http:\/\/www.htcformosa.gob.ar\/index.php?rest_route=\/wp\/v2\/types\/post"}],"author":[{"embeddable":true,"href":"http:\/\/www.htcformosa.gob.ar\/index.php?rest_route=\/wp\/v2\/users\/12"}],"replies":[{"embeddable":true,"href":"http:\/\/www.htcformosa.gob.ar\/index.php?rest_route=%2Fwp%2Fv2%2Fcomments&post=5823"}],"version-history":[{"count":4,"href":"http:\/\/www.htcformosa.gob.ar\/index.php?rest_route=\/wp\/v2\/posts\/5823\/revisions"}],"predecessor-version":[{"id":5832,"href":"http:\/\/www.htcformosa.gob.ar\/index.php?rest_route=\/wp\/v2\/posts\/5823\/revisions\/5832"}],"wp:attachment":[{"href":"http:\/\/www.htcformosa.gob.ar\/index.php?rest_route=%2Fwp%2Fv2%2Fmedia&parent=5823"}],"wp:term":[{"taxonomy":"category","embeddable":true,"href":"http:\/\/www.htcformosa.gob.ar\/index.php?rest_route=%2Fwp%2Fv2%2Fcategories&post=5823"},{"taxonomy":"post_tag","embeddable":true,"href":"http:\/\/www.htcformosa.gob.ar\/index.php?rest_route=%2Fwp%2Fv2%2Ftags&post=5823"}],"curies":[{"name":"wp","href":"https:\/\/api.w.org\/{rel}","templated":true}]}}