{"id":5835,"date":"2024-04-30T13:55:00","date_gmt":"2024-04-30T13:55:00","guid":{"rendered":"http:\/\/www.htcformosa.gob.ar\/?p=5835"},"modified":"2024-04-30T13:55:31","modified_gmt":"2024-04-30T13:55:31","slug":"actualizacion-y-modernizacion-del-sistema-de-control-externo-de-cuentas","status":"publish","type":"post","link":"http:\/\/www.htcformosa.gob.ar\/?p=5835","title":{"rendered":"Actualizaci\u00f3n y modernizaci\u00f3n del Sistema de Control Externo de Cuentas"},"content":{"rendered":"<p><img loading=\"lazy\" class=\"alignnone size-full wp-image-5836\" src=\"http:\/\/htcformosa.gob.ar\/wp-content\/uploads\/2024\/04\/1.jpg\" alt=\"\" width=\"1080\" height=\"1080\" srcset=\"http:\/\/htcformosa.gob.ar\/wp-content\/uploads\/2024\/04\/1.jpg 1080w, http:\/\/htcformosa.gob.ar\/wp-content\/uploads\/2024\/04\/1-300x300.jpg 300w, http:\/\/htcformosa.gob.ar\/wp-content\/uploads\/2024\/04\/1-1024x1024.jpg 1024w, http:\/\/htcformosa.gob.ar\/wp-content\/uploads\/2024\/04\/1-150x150.jpg 150w, http:\/\/htcformosa.gob.ar\/wp-content\/uploads\/2024\/04\/1-768x768.jpg 768w, http:\/\/htcformosa.gob.ar\/wp-content\/uploads\/2024\/04\/1-100x100.jpg 100w\" sizes=\"(max-width: 767px) 89vw, (max-width: 1000px) 54vw, (max-width: 1071px) 543px, 580px\" \/><\/p>\n<p style=\"text-align: justify;\">Los delegados fiscales y dem\u00e1s profesionales que intervienen en el control de las cuentas p\u00fablicas participaron en las reuniones de actualizaci\u00f3n y modernizaci\u00f3n del Sistema de Control Externo de Cuentas aprobado por Acuerdo N 38.300 vigente y que se aplica al ejercicio fiscal 2024. Estuvieron presentes los profesionales de la tres Supervisorias del Tribunal de Cuentas a cargo de la Dra. Myriam Esther Radrizani, el CP Andr\u00e9s Pablo Ben\u00edtez y la CP Agustina Roxana Schiavoni. La actualizaci\u00f3n normativa fue necesaria a fin de poder incorporar las reformas a la ley org\u00e1nica del Tribunal de Cuentas introducidas por la Ley 1694, que facult\u00f3 a este organismo a efectuar la reglamentaci\u00f3n necesitar\u00eda para su aplicaci\u00f3n. Est\u00e1 actividad de formaci\u00f3n y actualizaci\u00f3n fue coordinada por la Direcci\u00f3n de Fortalecimiento Institucional y la Secretaria T\u00e9cnica en el marco del calendario anual de capacitaciones&nbsp;de&nbsp;la&nbsp;CODECI.<\/p>\n<!-- default-view.php -->\n<div\n\tclass=\"ngg-galleryoverview default-view \"\n\tid=\"ngg-gallery-0fadfd8c82ecc11faed52d595455ec15-1\">\n\n\t\t<!-- Thumbnails -->\n\t\t\t\t<div id=\"ngg-image-0\" class=\"ngg-gallery-thumbnail-box ngg-2-columns\" >\n\t\t\t\t        <div class=\"ngg-gallery-thumbnail\">\n            <a href=\"http:\/\/htcformosa.gob.ar\/wp-content\/gallery\/actualizacion-38-300\/4.jpg\"\n               title=\"\"\n               data-src=\"http:\/\/htcformosa.gob.ar\/wp-content\/gallery\/actualizacion-38-300\/4.jpg\"\n               data-thumbnail=\"http:\/\/htcformosa.gob.ar\/wp-content\/gallery\/actualizacion-38-300\/thumbs\/thumbs_4.jpg\"\n               data-image-id=\"1013\"\n               data-title=\"4\"\n               data-description=\"\"\n               data-image-slug=\"4-1\"\n               class=\"ngg-simplelightbox\" rel=\"0fadfd8c82ecc11faed52d595455ec15\">\n                <img\n                    title=\"4\"\n                    alt=\"4\"\n                    src=\"http:\/\/htcformosa.gob.ar\/wp-content\/gallery\/actualizacion-38-300\/thumbs\/thumbs_4.jpg\"\n                    width=\"240\"\n                    height=\"160\"\n                    style=\"max-width:100%;\"\n                \/>\n            <\/a>\n        <\/div>\n\t\t\t\t\t\t\t<\/div> \n\t\t\t\n\t\t\t\t<div id=\"ngg-image-1\" class=\"ngg-gallery-thumbnail-box ngg-2-columns\" >\n\t\t\t\t        <div class=\"ngg-gallery-thumbnail\">\n            <a href=\"http:\/\/htcformosa.gob.ar\/wp-content\/gallery\/actualizacion-38-300\/3.jpg\"\n               title=\"\"\n               data-src=\"http:\/\/htcformosa.gob.ar\/wp-content\/gallery\/actualizacion-38-300\/3.jpg\"\n               data-thumbnail=\"http:\/\/htcformosa.gob.ar\/wp-content\/gallery\/actualizacion-38-300\/thumbs\/thumbs_3.jpg\"\n               data-image-id=\"1014\"\n               data-title=\"3\"\n               data-description=\"\"\n               data-image-slug=\"3-1\"\n               class=\"ngg-simplelightbox\" rel=\"0fadfd8c82ecc11faed52d595455ec15\">\n                <img\n                    title=\"3\"\n                    alt=\"3\"\n                    src=\"http:\/\/htcformosa.gob.ar\/wp-content\/gallery\/actualizacion-38-300\/thumbs\/thumbs_3.jpg\"\n                    width=\"240\"\n                    height=\"160\"\n                    style=\"max-width:100%;\"\n                \/>\n            <\/a>\n        <\/div>\n\t\t\t\t\t\t\t<\/div> \n\t\t\t\n\t\t\t\t<div id=\"ngg-image-2\" class=\"ngg-gallery-thumbnail-box ngg-2-columns\" >\n\t\t\t\t        <div class=\"ngg-gallery-thumbnail\">\n            <a href=\"http:\/\/htcformosa.gob.ar\/wp-content\/gallery\/actualizacion-38-300\/2.jpg\"\n               title=\"\"\n               data-src=\"http:\/\/htcformosa.gob.ar\/wp-content\/gallery\/actualizacion-38-300\/2.jpg\"\n               data-thumbnail=\"http:\/\/htcformosa.gob.ar\/wp-content\/gallery\/actualizacion-38-300\/thumbs\/thumbs_2.jpg\"\n               data-image-id=\"1015\"\n               data-title=\"2\"\n               data-description=\"\"\n               data-image-slug=\"2-1\"\n               class=\"ngg-simplelightbox\" rel=\"0fadfd8c82ecc11faed52d595455ec15\">\n                <img\n                    title=\"2\"\n                    alt=\"2\"\n                    src=\"http:\/\/htcformosa.gob.ar\/wp-content\/gallery\/actualizacion-38-300\/thumbs\/thumbs_2.jpg\"\n                    width=\"240\"\n                    height=\"160\"\n                    style=\"max-width:100%;\"\n                \/>\n            <\/a>\n        <\/div>\n\t\t\t\t\t\t\t<\/div> \n\t\t\t\n\t\t\t\t<div id=\"ngg-image-3\" class=\"ngg-gallery-thumbnail-box ngg-2-columns\" >\n\t\t\t\t        <div class=\"ngg-gallery-thumbnail\">\n            <a href=\"http:\/\/htcformosa.gob.ar\/wp-content\/gallery\/actualizacion-38-300\/5.jpg\"\n               title=\"\"\n               data-src=\"http:\/\/htcformosa.gob.ar\/wp-content\/gallery\/actualizacion-38-300\/5.jpg\"\n               data-thumbnail=\"http:\/\/htcformosa.gob.ar\/wp-content\/gallery\/actualizacion-38-300\/thumbs\/thumbs_5.jpg\"\n               data-image-id=\"1016\"\n               data-title=\"5\"\n               data-description=\"\"\n               data-image-slug=\"5\"\n               class=\"ngg-simplelightbox\" rel=\"0fadfd8c82ecc11faed52d595455ec15\">\n                <img\n                    title=\"5\"\n                    alt=\"5\"\n                    src=\"http:\/\/htcformosa.gob.ar\/wp-content\/gallery\/actualizacion-38-300\/thumbs\/thumbs_5.jpg\"\n                    width=\"240\"\n                    height=\"160\"\n                    style=\"max-width:100%;\"\n                \/>\n            <\/a>\n        <\/div>\n\t\t\t\t\t\t\t<\/div> \n\t\t\t\n\t\n\t<br style=\"clear: both\" \/>\n\n\t\n\t\t<!-- Pagination -->\n\t<div class='ngg-clear'><\/div>\t<\/div>\n\n","protected":false},"excerpt":{"rendered":"<p>Los delegados fiscales y dem\u00e1s profesionales que intervienen en el control de las cuentas p\u00fablicas participaron en las reuniones de actualizaci\u00f3n y modernizaci\u00f3n del Sistema de Control Externo de Cuentas aprobado por Acuerdo N 38.300 vigente y que se aplica al ejercicio fiscal 2024. Estuvieron presentes los profesionales de la tres Supervisorias del Tribunal de &hellip; <\/p>\n<p class=\"link-more\"><a href=\"http:\/\/www.htcformosa.gob.ar\/?p=5835\" class=\"more-link\">Continuar leyendo<span class=\"screen-reader-text\"> \u00abActualizaci\u00f3n y modernizaci\u00f3n del Sistema de Control Externo de Cuentas\u00bb<\/span><\/a><\/p>\n","protected":false},"author":12,"featured_media":0,"comment_status":"closed","ping_status":"closed","sticky":false,"template":"","format":"standard","meta":{"ngg_post_thumbnail":0},"categories":[1],"tags":[],"_links":{"self":[{"href":"http:\/\/www.htcformosa.gob.ar\/index.php?rest_route=\/wp\/v2\/posts\/5835"}],"collection":[{"href":"http:\/\/www.htcformosa.gob.ar\/index.php?rest_route=\/wp\/v2\/posts"}],"about":[{"href":"http:\/\/www.htcformosa.gob.ar\/index.php?rest_route=\/wp\/v2\/types\/post"}],"author":[{"embeddable":true,"href":"http:\/\/www.htcformosa.gob.ar\/index.php?rest_route=\/wp\/v2\/users\/12"}],"replies":[{"embeddable":true,"href":"http:\/\/www.htcformosa.gob.ar\/index.php?rest_route=%2Fwp%2Fv2%2Fcomments&post=5835"}],"version-history":[{"count":3,"href":"http:\/\/www.htcformosa.gob.ar\/index.php?rest_route=\/wp\/v2\/posts\/5835\/revisions"}],"predecessor-version":[{"id":5848,"href":"http:\/\/www.htcformosa.gob.ar\/index.php?rest_route=\/wp\/v2\/posts\/5835\/revisions\/5848"}],"wp:attachment":[{"href":"http:\/\/www.htcformosa.gob.ar\/index.php?rest_route=%2Fwp%2Fv2%2Fmedia&parent=5835"}],"wp:term":[{"taxonomy":"category","embeddable":true,"href":"http:\/\/www.htcformosa.gob.ar\/index.php?rest_route=%2Fwp%2Fv2%2Fcategories&post=5835"},{"taxonomy":"post_tag","embeddable":true,"href":"http:\/\/www.htcformosa.gob.ar\/index.php?rest_route=%2Fwp%2Fv2%2Ftags&post=5835"}],"curies":[{"name":"wp","href":"https:\/\/api.w.org\/{rel}","templated":true}]}}