{"id":6460,"date":"2024-10-11T13:29:21","date_gmt":"2024-10-11T13:29:21","guid":{"rendered":"http:\/\/www.htcformosa.gob.ar\/?p=6460"},"modified":"2024-10-11T13:30:06","modified_gmt":"2024-10-11T13:30:06","slug":"jornadas-de-control-externo-normativa-y-buenas-practicas-organizadas-por-el-honorable-tribunal-de-cuentas-de-la-provincia-de-formosa-para-responsables-primigenios","status":"publish","type":"post","link":"http:\/\/www.htcformosa.gob.ar\/?p=6460","title":{"rendered":"Jornadas de Control Externo, Normativa y Buenas Pr\u00e1cticas organizadas por el Honorable Tribunal de Cuentas de la Provincia de Formosa para responsables primigenios"},"content":{"rendered":"<p style=\"text-align: justify;\">El Honorable Tribunal de Cuentas de la Provincia de Formosa, integrado por su presidenta, Dra. Myriam E. Radrizani, y los vocales, contador Andr\u00e9s P. Ben\u00edtez y contadora Agustina R. Schiavoni, llev\u00f3 a cabo las <strong>Jornadas de Control Externo, Normativa y Buenas Pr\u00e1cticas<\/strong> en el Consejo de Ciencias Econ\u00f3micas, los d\u00edas 8, 9 y 10 de octubre. En este evento participaron m\u00e1s de 160 responsables primigenios de toda la administraci\u00f3n p\u00fablica.<\/p>\n<p><img loading=\"lazy\" class=\"alignnone size-full wp-image-6462\" src=\"http:\/\/htcformosa.gob.ar\/wp-content\/uploads\/2024\/10\/IMG-20241011-WA0024.jpg\" alt=\"\" width=\"1600\" height=\"1068\" srcset=\"http:\/\/htcformosa.gob.ar\/wp-content\/uploads\/2024\/10\/IMG-20241011-WA0024.jpg 1600w, http:\/\/htcformosa.gob.ar\/wp-content\/uploads\/2024\/10\/IMG-20241011-WA0024-300x200.jpg 300w, http:\/\/htcformosa.gob.ar\/wp-content\/uploads\/2024\/10\/IMG-20241011-WA0024-1024x684.jpg 1024w, http:\/\/htcformosa.gob.ar\/wp-content\/uploads\/2024\/10\/IMG-20241011-WA0024-768x513.jpg 768w, http:\/\/htcformosa.gob.ar\/wp-content\/uploads\/2024\/10\/IMG-20241011-WA0024-1536x1025.jpg 1536w\" sizes=\"(max-width: 767px) 89vw, (max-width: 1000px) 54vw, (max-width: 1071px) 543px, 580px\" \/><\/p>\n<p><!--more--><\/p>\n<p style=\"text-align: justify;\">Durante las jornadas, se destac\u00f3 la importancia del control p\u00fablico, de la buena administraci\u00f3n de los recursos p\u00fablicos y de su correspondiente rendici\u00f3n de cuentas. Este enfoque es esencial para fortalecer la gesti\u00f3n p\u00fablica y asegurar la transparencia en el uso de los recursos del Estado.<br \/>\nEntre los temas tratados, se abordaron:<\/p>\n<ul>\n<li>Control de la Hacienda P\u00fablica<\/li>\n<li>Sistemas de Control Externo de Cuentas Acuerdo N\u00b0 38.300<\/li>\n<li>Registro Permanente de Inventario<\/li>\n<li>Rodados Normativa<\/li>\n<li>Acto Administrativo &#8211; Definici\u00f3n &#8211; Requisitos-Contenido<\/li>\n<\/ul>\n<p style=\"text-align: justify;\">Las jornadas se desarrollaron en un ambiente propicio para el intercambio de conocimientos y experiencias entre los responsable primigenios de los distintos organismos p\u00fablicos centralizados y descentralizados.<br \/>\nLa Dra. Radrizani resalto el compromiso del Tribunal de Cuentas con la formaci\u00f3n y capacitaci\u00f3n de los actores involucrados en la administraci\u00f3n y gesti\u00f3n p\u00fablica, promoviendo as\u00ed un estado m\u00e1s eficiente y transparente.<\/p>\n<!-- default-view.php -->\n<div\n\tclass=\"ngg-galleryoverview default-view \"\n\tid=\"ngg-gallery-c340233b5b5d755282a5887cb4798e88-1\">\n\n\t\t<!-- Thumbnails -->\n\t\t\t\t<div id=\"ngg-image-0\" class=\"ngg-gallery-thumbnail-box ngg-2-columns\" >\n\t\t\t\t        <div class=\"ngg-gallery-thumbnail\">\n            <a href=\"http:\/\/htcformosa.gob.ar\/wp-content\/gallery\/jornadas-htc2024\/IMG-20241011-WA0026.jpg\"\n               title=\"\"\n               data-src=\"http:\/\/htcformosa.gob.ar\/wp-content\/gallery\/jornadas-htc2024\/IMG-20241011-WA0026.jpg\"\n               data-thumbnail=\"http:\/\/htcformosa.gob.ar\/wp-content\/gallery\/jornadas-htc2024\/thumbs\/thumbs_IMG-20241011-WA0026.jpg\"\n               data-image-id=\"1149\"\n               data-title=\"IMG-20241011-WA0026\"\n               data-description=\"\"\n               data-image-slug=\"img-20241011-wa0026\"\n               class=\"ngg-simplelightbox\" rel=\"c340233b5b5d755282a5887cb4798e88\">\n                <img\n                    title=\"IMG-20241011-WA0026\"\n                    alt=\"IMG-20241011-WA0026\"\n                    src=\"http:\/\/htcformosa.gob.ar\/wp-content\/gallery\/jornadas-htc2024\/thumbs\/thumbs_IMG-20241011-WA0026.jpg\"\n                    width=\"240\"\n                    height=\"160\"\n                    style=\"max-width:100%;\"\n                \/>\n            <\/a>\n        <\/div>\n\t\t\t\t\t\t\t<\/div> \n\t\t\t\n\t\t\t\t<div id=\"ngg-image-1\" class=\"ngg-gallery-thumbnail-box ngg-2-columns\" >\n\t\t\t\t        <div class=\"ngg-gallery-thumbnail\">\n            <a href=\"http:\/\/htcformosa.gob.ar\/wp-content\/gallery\/jornadas-htc2024\/IMG-20241011-WA0025.jpg\"\n               title=\"\"\n               data-src=\"http:\/\/htcformosa.gob.ar\/wp-content\/gallery\/jornadas-htc2024\/IMG-20241011-WA0025.jpg\"\n               data-thumbnail=\"http:\/\/htcformosa.gob.ar\/wp-content\/gallery\/jornadas-htc2024\/thumbs\/thumbs_IMG-20241011-WA0025.jpg\"\n               data-image-id=\"1150\"\n               data-title=\"IMG-20241011-WA0025\"\n               data-description=\"\"\n               data-image-slug=\"img-20241011-wa0025\"\n               class=\"ngg-simplelightbox\" rel=\"c340233b5b5d755282a5887cb4798e88\">\n                <img\n                    title=\"IMG-20241011-WA0025\"\n                    alt=\"IMG-20241011-WA0025\"\n                    src=\"http:\/\/htcformosa.gob.ar\/wp-content\/gallery\/jornadas-htc2024\/thumbs\/thumbs_IMG-20241011-WA0025.jpg\"\n                    width=\"240\"\n                    height=\"160\"\n                    style=\"max-width:100%;\"\n                \/>\n            <\/a>\n        <\/div>\n\t\t\t\t\t\t\t<\/div> \n\t\t\t\n\t\t\t\t<div id=\"ngg-image-2\" class=\"ngg-gallery-thumbnail-box ngg-2-columns\" >\n\t\t\t\t        <div class=\"ngg-gallery-thumbnail\">\n            <a href=\"http:\/\/htcformosa.gob.ar\/wp-content\/gallery\/jornadas-htc2024\/Imagen-de-WhatsApp-2024-10-10-a-las-19.40.01_06c2719c.jpg\"\n               title=\"\"\n               data-src=\"http:\/\/htcformosa.gob.ar\/wp-content\/gallery\/jornadas-htc2024\/Imagen-de-WhatsApp-2024-10-10-a-las-19.40.01_06c2719c.jpg\"\n               data-thumbnail=\"http:\/\/htcformosa.gob.ar\/wp-content\/gallery\/jornadas-htc2024\/thumbs\/thumbs_Imagen-de-WhatsApp-2024-10-10-a-las-19.40.01_06c2719c.jpg\"\n               data-image-id=\"1151\"\n               data-title=\"Imagen-de-WhatsApp-2024-10-10-a-las-19.40.01_06c2719c\"\n               data-description=\"\"\n               data-image-slug=\"imagen-de-whatsapp-2024-10-10-a-las-19-40-01_06c2719c\"\n               class=\"ngg-simplelightbox\" rel=\"c340233b5b5d755282a5887cb4798e88\">\n                <img\n                    title=\"Imagen-de-WhatsApp-2024-10-10-a-las-19.40.01_06c2719c\"\n                    alt=\"Imagen-de-WhatsApp-2024-10-10-a-las-19.40.01_06c2719c\"\n                    src=\"http:\/\/htcformosa.gob.ar\/wp-content\/gallery\/jornadas-htc2024\/thumbs\/thumbs_Imagen-de-WhatsApp-2024-10-10-a-las-19.40.01_06c2719c.jpg\"\n                    width=\"240\"\n                    height=\"160\"\n                    style=\"max-width:100%;\"\n                \/>\n            <\/a>\n        <\/div>\n\t\t\t\t\t\t\t<\/div> \n\t\t\t\n\t\t\t\t<div id=\"ngg-image-3\" class=\"ngg-gallery-thumbnail-box ngg-2-columns\" >\n\t\t\t\t        <div class=\"ngg-gallery-thumbnail\">\n            <a href=\"http:\/\/htcformosa.gob.ar\/wp-content\/gallery\/jornadas-htc2024\/IMG-20241011-WA0027.jpg\"\n               title=\"\"\n               data-src=\"http:\/\/htcformosa.gob.ar\/wp-content\/gallery\/jornadas-htc2024\/IMG-20241011-WA0027.jpg\"\n               data-thumbnail=\"http:\/\/htcformosa.gob.ar\/wp-content\/gallery\/jornadas-htc2024\/thumbs\/thumbs_IMG-20241011-WA0027.jpg\"\n               data-image-id=\"1152\"\n               data-title=\"IMG-20241011-WA0027\"\n               data-description=\"\"\n               data-image-slug=\"img-20241011-wa0027\"\n               class=\"ngg-simplelightbox\" rel=\"c340233b5b5d755282a5887cb4798e88\">\n                <img\n                    title=\"IMG-20241011-WA0027\"\n                    alt=\"IMG-20241011-WA0027\"\n                    src=\"http:\/\/htcformosa.gob.ar\/wp-content\/gallery\/jornadas-htc2024\/thumbs\/thumbs_IMG-20241011-WA0027.jpg\"\n                    width=\"240\"\n                    height=\"160\"\n                    style=\"max-width:100%;\"\n                \/>\n            <\/a>\n        <\/div>\n\t\t\t\t\t\t\t<\/div> \n\t\t\t\n\t\n\t<br style=\"clear: both\" \/>\n\n\t\n\t\t<!-- Pagination -->\n\t<div class='ngg-clear'><\/div>\t<\/div>\n\n","protected":false},"excerpt":{"rendered":"<p>El Honorable Tribunal de Cuentas de la Provincia de Formosa, integrado por su presidenta, Dra. Myriam E. Radrizani, y los vocales, contador Andr\u00e9s P. Ben\u00edtez y contadora Agustina R. Schiavoni, llev\u00f3 a cabo las Jornadas de Control Externo, Normativa y Buenas Pr\u00e1cticas en el Consejo de Ciencias Econ\u00f3micas, los d\u00edas 8, 9 y 10 de &hellip; <\/p>\n<p class=\"link-more\"><a href=\"http:\/\/www.htcformosa.gob.ar\/?p=6460\" class=\"more-link\">Continuar leyendo<span class=\"screen-reader-text\"> \u00abJornadas de Control Externo, Normativa y Buenas Pr\u00e1cticas organizadas por el Honorable Tribunal de Cuentas de la Provincia de Formosa para responsables primigenios\u00bb<\/span><\/a><\/p>\n","protected":false},"author":12,"featured_media":0,"comment_status":"closed","ping_status":"closed","sticky":false,"template":"","format":"standard","meta":{"ngg_post_thumbnail":0},"categories":[1],"tags":[],"_links":{"self":[{"href":"http:\/\/www.htcformosa.gob.ar\/index.php?rest_route=\/wp\/v2\/posts\/6460"}],"collection":[{"href":"http:\/\/www.htcformosa.gob.ar\/index.php?rest_route=\/wp\/v2\/posts"}],"about":[{"href":"http:\/\/www.htcformosa.gob.ar\/index.php?rest_route=\/wp\/v2\/types\/post"}],"author":[{"embeddable":true,"href":"http:\/\/www.htcformosa.gob.ar\/index.php?rest_route=\/wp\/v2\/users\/12"}],"replies":[{"embeddable":true,"href":"http:\/\/www.htcformosa.gob.ar\/index.php?rest_route=%2Fwp%2Fv2%2Fcomments&post=6460"}],"version-history":[{"count":3,"href":"http:\/\/www.htcformosa.gob.ar\/index.php?rest_route=\/wp\/v2\/posts\/6460\/revisions"}],"predecessor-version":[{"id":6464,"href":"http:\/\/www.htcformosa.gob.ar\/index.php?rest_route=\/wp\/v2\/posts\/6460\/revisions\/6464"}],"wp:attachment":[{"href":"http:\/\/www.htcformosa.gob.ar\/index.php?rest_route=%2Fwp%2Fv2%2Fmedia&parent=6460"}],"wp:term":[{"taxonomy":"category","embeddable":true,"href":"http:\/\/www.htcformosa.gob.ar\/index.php?rest_route=%2Fwp%2Fv2%2Fcategories&post=6460"},{"taxonomy":"post_tag","embeddable":true,"href":"http:\/\/www.htcformosa.gob.ar\/index.php?rest_route=%2Fwp%2Fv2%2Ftags&post=6460"}],"curies":[{"name":"wp","href":"https:\/\/api.w.org\/{rel}","templated":true}]}}