{"id":6478,"date":"2024-10-16T02:15:14","date_gmt":"2024-10-16T02:15:14","guid":{"rendered":"http:\/\/www.htcformosa.gob.ar\/?p=6478"},"modified":"2024-10-16T02:15:14","modified_gmt":"2024-10-16T02:15:14","slug":"reconocimiento-al-hospital-2-de-abril-por-su-apoyo-en-la-prevencion-del-cancer-de-mama","status":"publish","type":"post","link":"http:\/\/www.htcformosa.gob.ar\/?p=6478","title":{"rendered":"Reconocimiento al Hospital 2 de Abril por su Apoyo en la Prevenci\u00f3n del C\u00e1ncer de Mama"},"content":{"rendered":"<p style=\"text-align: justify;\">El Honorable Tribunal de Cuentas, integrado por su presidenta, la Dra. Myriam E. Radrizani, y los Vocales, el Contador P\u00fablico Andr\u00e9s P. Ben\u00edtez y la Contadora P\u00fablica Agustina R. Schiavoni, extiende su m\u00e1s sincero agradecimiento al Dr. Marcelo Villarroel, Director del Hospital 2 de Abril (\u00abDr. Adolfo Lippmann\u00bb), y a su equipo conformado por la Dra. Sof\u00eda Zamudio Godoy, la Lic. Roxana Ram\u00edrez y la T\u00e9c. Daiana Riveros, del Servicio de Mamograf\u00eda. Por segundo a\u00f1o consecutivo, nos han recibido con calidez y profesionalismo en el marco de la Campa\u00f1a de Lucha contra el C\u00e1ncer de Mama, brindando a las mujeres de nuestra instituci\u00f3n la oportunidad de realizar controles m\u00e9dicos vitales para la prevenci\u00f3n.<br \/>\nEs fundamental resaltar la importancia de la detecci\u00f3n precoz del c\u00e1ncer de mama. Realizar mamograf\u00edas peri\u00f3dicas, practicar el autoexamen y estar alerta a cualquier cambio en el cuerpo son acciones que no debemos pasar por alto. La detecci\u00f3n temprana no solo aumenta las posibilidades de un tratamiento exitoso, sino que tambi\u00e9n puede salvar vidas. Agradecemos al Hospital 2 de Abril y su equipo por ser aliados en esta labor&nbsp;tan&nbsp;importante.<\/p>\n<!-- default-view.php -->\n<div\n\tclass=\"ngg-galleryoverview default-view \"\n\tid=\"ngg-gallery-572cee39e263d7fdc0813822f6d27cc6-1\">\n\n\t\t<!-- Thumbnails -->\n\t\t\t\t<div id=\"ngg-image-0\" class=\"ngg-gallery-thumbnail-box ngg-5-columns\" >\n\t\t\t\t        <div class=\"ngg-gallery-thumbnail\">\n            <a href=\"http:\/\/htcformosa.gob.ar\/wp-content\/gallery\/jornada-rosa-2024\/IMG-20241015-WA0050.jpg\"\n               title=\"\"\n               data-src=\"http:\/\/htcformosa.gob.ar\/wp-content\/gallery\/jornada-rosa-2024\/IMG-20241015-WA0050.jpg\"\n               data-thumbnail=\"http:\/\/htcformosa.gob.ar\/wp-content\/gallery\/jornada-rosa-2024\/thumbs\/thumbs_IMG-20241015-WA0050.jpg\"\n               data-image-id=\"1162\"\n               data-title=\"IMG-20241015-WA0050\"\n               data-description=\"\"\n               data-image-slug=\"img-20241015-wa0050\"\n               class=\"ngg-simplelightbox\" rel=\"572cee39e263d7fdc0813822f6d27cc6\">\n                <img\n                    title=\"IMG-20241015-WA0050\"\n                    alt=\"IMG-20241015-WA0050\"\n                    src=\"http:\/\/htcformosa.gob.ar\/wp-content\/gallery\/jornada-rosa-2024\/thumbs\/thumbs_IMG-20241015-WA0050.jpg\"\n                    width=\"240\"\n                    height=\"160\"\n                    style=\"max-width:100%;\"\n                \/>\n            <\/a>\n        <\/div>\n\t\t\t\t\t\t\t<\/div> \n\t\t\t\n\t\t\t\t<div id=\"ngg-image-1\" class=\"ngg-gallery-thumbnail-box ngg-5-columns\" >\n\t\t\t\t        <div class=\"ngg-gallery-thumbnail\">\n            <a href=\"http:\/\/htcformosa.gob.ar\/wp-content\/gallery\/jornada-rosa-2024\/IMG-20241015-WA0053.jpg\"\n               title=\"\"\n               data-src=\"http:\/\/htcformosa.gob.ar\/wp-content\/gallery\/jornada-rosa-2024\/IMG-20241015-WA0053.jpg\"\n               data-thumbnail=\"http:\/\/htcformosa.gob.ar\/wp-content\/gallery\/jornada-rosa-2024\/thumbs\/thumbs_IMG-20241015-WA0053.jpg\"\n               data-image-id=\"1154\"\n               data-title=\"IMG-20241015-WA0053\"\n               data-description=\"\"\n               data-image-slug=\"img-20241015-wa0053\"\n               class=\"ngg-simplelightbox\" rel=\"572cee39e263d7fdc0813822f6d27cc6\">\n                <img\n                    title=\"IMG-20241015-WA0053\"\n                    alt=\"IMG-20241015-WA0053\"\n                    src=\"http:\/\/htcformosa.gob.ar\/wp-content\/gallery\/jornada-rosa-2024\/thumbs\/thumbs_IMG-20241015-WA0053.jpg\"\n                    width=\"240\"\n                    height=\"160\"\n                    style=\"max-width:100%;\"\n                \/>\n            <\/a>\n        <\/div>\n\t\t\t\t\t\t\t<\/div> \n\t\t\t\n\t\t\t\t<div id=\"ngg-image-2\" class=\"ngg-gallery-thumbnail-box ngg-5-columns\" >\n\t\t\t\t        <div class=\"ngg-gallery-thumbnail\">\n            <a href=\"http:\/\/htcformosa.gob.ar\/wp-content\/gallery\/jornada-rosa-2024\/IMG-20241015-WA0052.jpg\"\n               title=\"\"\n               data-src=\"http:\/\/htcformosa.gob.ar\/wp-content\/gallery\/jornada-rosa-2024\/IMG-20241015-WA0052.jpg\"\n               data-thumbnail=\"http:\/\/htcformosa.gob.ar\/wp-content\/gallery\/jornada-rosa-2024\/thumbs\/thumbs_IMG-20241015-WA0052.jpg\"\n               data-image-id=\"1153\"\n               data-title=\"IMG-20241015-WA0052\"\n               data-description=\"\"\n               data-image-slug=\"img-20241015-wa0052\"\n               class=\"ngg-simplelightbox\" rel=\"572cee39e263d7fdc0813822f6d27cc6\">\n                <img\n                    title=\"IMG-20241015-WA0052\"\n                    alt=\"IMG-20241015-WA0052\"\n                    src=\"http:\/\/htcformosa.gob.ar\/wp-content\/gallery\/jornada-rosa-2024\/thumbs\/thumbs_IMG-20241015-WA0052.jpg\"\n                    width=\"240\"\n                    height=\"160\"\n                    style=\"max-width:100%;\"\n                \/>\n            <\/a>\n        <\/div>\n\t\t\t\t\t\t\t<\/div> \n\t\t\t\n\t\t\t\t<div id=\"ngg-image-3\" class=\"ngg-gallery-thumbnail-box ngg-5-columns\" >\n\t\t\t\t        <div class=\"ngg-gallery-thumbnail\">\n            <a href=\"http:\/\/htcformosa.gob.ar\/wp-content\/gallery\/jornada-rosa-2024\/IMG-20241015-WA0051.jpg\"\n               title=\"\"\n               data-src=\"http:\/\/htcformosa.gob.ar\/wp-content\/gallery\/jornada-rosa-2024\/IMG-20241015-WA0051.jpg\"\n               data-thumbnail=\"http:\/\/htcformosa.gob.ar\/wp-content\/gallery\/jornada-rosa-2024\/thumbs\/thumbs_IMG-20241015-WA0051.jpg\"\n               data-image-id=\"1155\"\n               data-title=\"IMG-20241015-WA0051\"\n               data-description=\"\"\n               data-image-slug=\"img-20241015-wa0051\"\n               class=\"ngg-simplelightbox\" rel=\"572cee39e263d7fdc0813822f6d27cc6\">\n                <img\n                    title=\"IMG-20241015-WA0051\"\n                    alt=\"IMG-20241015-WA0051\"\n                    src=\"http:\/\/htcformosa.gob.ar\/wp-content\/gallery\/jornada-rosa-2024\/thumbs\/thumbs_IMG-20241015-WA0051.jpg\"\n                    width=\"240\"\n                    height=\"160\"\n                    style=\"max-width:100%;\"\n                \/>\n            <\/a>\n        <\/div>\n\t\t\t\t\t\t\t<\/div> \n\t\t\t\n\t\t\t\t<div id=\"ngg-image-4\" class=\"ngg-gallery-thumbnail-box ngg-5-columns\" >\n\t\t\t\t        <div class=\"ngg-gallery-thumbnail\">\n            <a href=\"http:\/\/htcformosa.gob.ar\/wp-content\/gallery\/jornada-rosa-2024\/IMG-20241015-WA0054.jpg\"\n               title=\"\"\n               data-src=\"http:\/\/htcformosa.gob.ar\/wp-content\/gallery\/jornada-rosa-2024\/IMG-20241015-WA0054.jpg\"\n               data-thumbnail=\"http:\/\/htcformosa.gob.ar\/wp-content\/gallery\/jornada-rosa-2024\/thumbs\/thumbs_IMG-20241015-WA0054.jpg\"\n               data-image-id=\"1156\"\n               data-title=\"IMG-20241015-WA0054\"\n               data-description=\"\"\n               data-image-slug=\"img-20241015-wa0054\"\n               class=\"ngg-simplelightbox\" rel=\"572cee39e263d7fdc0813822f6d27cc6\">\n                <img\n                    title=\"IMG-20241015-WA0054\"\n                    alt=\"IMG-20241015-WA0054\"\n                    src=\"http:\/\/htcformosa.gob.ar\/wp-content\/gallery\/jornada-rosa-2024\/thumbs\/thumbs_IMG-20241015-WA0054.jpg\"\n                    width=\"240\"\n                    height=\"160\"\n                    style=\"max-width:100%;\"\n                \/>\n            <\/a>\n        <\/div>\n\t\t\t\t\t\t\t<\/div> \n\t\t\t\n\t\t\t\t<div id=\"ngg-image-5\" class=\"ngg-gallery-thumbnail-box ngg-5-columns\" >\n\t\t\t\t        <div class=\"ngg-gallery-thumbnail\">\n            <a href=\"http:\/\/htcformosa.gob.ar\/wp-content\/gallery\/jornada-rosa-2024\/IMG-20241015-WA0049.jpg\"\n               title=\"\"\n               data-src=\"http:\/\/htcformosa.gob.ar\/wp-content\/gallery\/jornada-rosa-2024\/IMG-20241015-WA0049.jpg\"\n               data-thumbnail=\"http:\/\/htcformosa.gob.ar\/wp-content\/gallery\/jornada-rosa-2024\/thumbs\/thumbs_IMG-20241015-WA0049.jpg\"\n               data-image-id=\"1157\"\n               data-title=\"IMG-20241015-WA0049\"\n               data-description=\"\"\n               data-image-slug=\"img-20241015-wa0049\"\n               class=\"ngg-simplelightbox\" rel=\"572cee39e263d7fdc0813822f6d27cc6\">\n                <img\n                    title=\"IMG-20241015-WA0049\"\n                    alt=\"IMG-20241015-WA0049\"\n                    src=\"http:\/\/htcformosa.gob.ar\/wp-content\/gallery\/jornada-rosa-2024\/thumbs\/thumbs_IMG-20241015-WA0049.jpg\"\n                    width=\"240\"\n                    height=\"160\"\n                    style=\"max-width:100%;\"\n                \/>\n            <\/a>\n        <\/div>\n\t\t\t\t\t\t\t<\/div> \n\t\t\t\n\t\t\t\t<div id=\"ngg-image-6\" class=\"ngg-gallery-thumbnail-box ngg-5-columns\" >\n\t\t\t\t        <div class=\"ngg-gallery-thumbnail\">\n            <a href=\"http:\/\/htcformosa.gob.ar\/wp-content\/gallery\/jornada-rosa-2024\/IMG-20241015-WA0058.jpg\"\n               title=\"\"\n               data-src=\"http:\/\/htcformosa.gob.ar\/wp-content\/gallery\/jornada-rosa-2024\/IMG-20241015-WA0058.jpg\"\n               data-thumbnail=\"http:\/\/htcformosa.gob.ar\/wp-content\/gallery\/jornada-rosa-2024\/thumbs\/thumbs_IMG-20241015-WA0058.jpg\"\n               data-image-id=\"1158\"\n               data-title=\"IMG-20241015-WA0058\"\n               data-description=\"\"\n               data-image-slug=\"img-20241015-wa0058\"\n               class=\"ngg-simplelightbox\" rel=\"572cee39e263d7fdc0813822f6d27cc6\">\n                <img\n                    title=\"IMG-20241015-WA0058\"\n                    alt=\"IMG-20241015-WA0058\"\n                    src=\"http:\/\/htcformosa.gob.ar\/wp-content\/gallery\/jornada-rosa-2024\/thumbs\/thumbs_IMG-20241015-WA0058.jpg\"\n                    width=\"240\"\n                    height=\"160\"\n                    style=\"max-width:100%;\"\n                \/>\n            <\/a>\n        <\/div>\n\t\t\t\t\t\t\t<\/div> \n\t\t\t\n\t\t\t\t<div id=\"ngg-image-7\" class=\"ngg-gallery-thumbnail-box ngg-5-columns\" >\n\t\t\t\t        <div class=\"ngg-gallery-thumbnail\">\n            <a href=\"http:\/\/htcformosa.gob.ar\/wp-content\/gallery\/jornada-rosa-2024\/IMG-20241015-WA0055.jpg\"\n               title=\"\"\n               data-src=\"http:\/\/htcformosa.gob.ar\/wp-content\/gallery\/jornada-rosa-2024\/IMG-20241015-WA0055.jpg\"\n               data-thumbnail=\"http:\/\/htcformosa.gob.ar\/wp-content\/gallery\/jornada-rosa-2024\/thumbs\/thumbs_IMG-20241015-WA0055.jpg\"\n               data-image-id=\"1159\"\n               data-title=\"IMG-20241015-WA0055\"\n               data-description=\"\"\n               data-image-slug=\"img-20241015-wa0055\"\n               class=\"ngg-simplelightbox\" rel=\"572cee39e263d7fdc0813822f6d27cc6\">\n                <img\n                    title=\"IMG-20241015-WA0055\"\n                    alt=\"IMG-20241015-WA0055\"\n                    src=\"http:\/\/htcformosa.gob.ar\/wp-content\/gallery\/jornada-rosa-2024\/thumbs\/thumbs_IMG-20241015-WA0055.jpg\"\n                    width=\"240\"\n                    height=\"160\"\n                    style=\"max-width:100%;\"\n                \/>\n            <\/a>\n        <\/div>\n\t\t\t\t\t\t\t<\/div> \n\t\t\t\n\t\t\t\t<div id=\"ngg-image-8\" class=\"ngg-gallery-thumbnail-box ngg-5-columns\" >\n\t\t\t\t        <div class=\"ngg-gallery-thumbnail\">\n            <a href=\"http:\/\/htcformosa.gob.ar\/wp-content\/gallery\/jornada-rosa-2024\/IMG-20241015-WA0056.jpg\"\n               title=\"\"\n               data-src=\"http:\/\/htcformosa.gob.ar\/wp-content\/gallery\/jornada-rosa-2024\/IMG-20241015-WA0056.jpg\"\n               data-thumbnail=\"http:\/\/htcformosa.gob.ar\/wp-content\/gallery\/jornada-rosa-2024\/thumbs\/thumbs_IMG-20241015-WA0056.jpg\"\n               data-image-id=\"1160\"\n               data-title=\"IMG-20241015-WA0056\"\n               data-description=\"\"\n               data-image-slug=\"img-20241015-wa0056\"\n               class=\"ngg-simplelightbox\" rel=\"572cee39e263d7fdc0813822f6d27cc6\">\n                <img\n                    title=\"IMG-20241015-WA0056\"\n                    alt=\"IMG-20241015-WA0056\"\n                    src=\"http:\/\/htcformosa.gob.ar\/wp-content\/gallery\/jornada-rosa-2024\/thumbs\/thumbs_IMG-20241015-WA0056.jpg\"\n                    width=\"240\"\n                    height=\"160\"\n                    style=\"max-width:100%;\"\n                \/>\n            <\/a>\n        <\/div>\n\t\t\t\t\t\t\t<\/div> \n\t\t\t\n\t\t\t\t<div id=\"ngg-image-9\" class=\"ngg-gallery-thumbnail-box ngg-5-columns\" >\n\t\t\t\t        <div class=\"ngg-gallery-thumbnail\">\n            <a href=\"http:\/\/htcformosa.gob.ar\/wp-content\/gallery\/jornada-rosa-2024\/IMG-20241015-WA0057.jpg\"\n               title=\"\"\n               data-src=\"http:\/\/htcformosa.gob.ar\/wp-content\/gallery\/jornada-rosa-2024\/IMG-20241015-WA0057.jpg\"\n               data-thumbnail=\"http:\/\/htcformosa.gob.ar\/wp-content\/gallery\/jornada-rosa-2024\/thumbs\/thumbs_IMG-20241015-WA0057.jpg\"\n               data-image-id=\"1161\"\n               data-title=\"IMG-20241015-WA0057\"\n               data-description=\"\"\n               data-image-slug=\"img-20241015-wa0057\"\n               class=\"ngg-simplelightbox\" rel=\"572cee39e263d7fdc0813822f6d27cc6\">\n                <img\n                    title=\"IMG-20241015-WA0057\"\n                    alt=\"IMG-20241015-WA0057\"\n                    src=\"http:\/\/htcformosa.gob.ar\/wp-content\/gallery\/jornada-rosa-2024\/thumbs\/thumbs_IMG-20241015-WA0057.jpg\"\n                    width=\"240\"\n                    height=\"160\"\n                    style=\"max-width:100%;\"\n                \/>\n            <\/a>\n        <\/div>\n\t\t\t\t\t\t\t<\/div> \n\t\t\t\n\t\n\t<br style=\"clear: both\" \/>\n\n\t\n\t\t<!-- Pagination -->\n\t<div class='ngg-clear'><\/div>\t<\/div>\n\n<p style=\"text-align: justify;\"><em>Cabe destacar e informar que en el Hospital de d\u00eda 2 de abril se realizan los estudios de control de lunes a viernes de 14hs a 18hs para todas las mujeres mayores de 40 a\u00f1os. Deben asistir solo&nbsp;con&nbsp;su&nbsp;dni.<\/em><\/p>\n","protected":false},"excerpt":{"rendered":"<p>El Honorable Tribunal de Cuentas, integrado por su presidenta, la Dra. Myriam E. Radrizani, y los Vocales, el Contador P\u00fablico Andr\u00e9s P. Ben\u00edtez y la Contadora P\u00fablica Agustina R. Schiavoni, extiende su m\u00e1s sincero agradecimiento al Dr. Marcelo Villarroel, Director del Hospital 2 de Abril (\u00abDr. Adolfo Lippmann\u00bb), y a su equipo conformado por la &hellip; <\/p>\n<p class=\"link-more\"><a href=\"http:\/\/www.htcformosa.gob.ar\/?p=6478\" class=\"more-link\">Continuar leyendo<span class=\"screen-reader-text\"> \u00abReconocimiento al Hospital 2 de Abril por su Apoyo en la Prevenci\u00f3n del C\u00e1ncer de Mama\u00bb<\/span><\/a><\/p>\n","protected":false},"author":12,"featured_media":0,"comment_status":"closed","ping_status":"closed","sticky":false,"template":"","format":"standard","meta":{"ngg_post_thumbnail":0},"categories":[1],"tags":[],"_links":{"self":[{"href":"http:\/\/www.htcformosa.gob.ar\/index.php?rest_route=\/wp\/v2\/posts\/6478"}],"collection":[{"href":"http:\/\/www.htcformosa.gob.ar\/index.php?rest_route=\/wp\/v2\/posts"}],"about":[{"href":"http:\/\/www.htcformosa.gob.ar\/index.php?rest_route=\/wp\/v2\/types\/post"}],"author":[{"embeddable":true,"href":"http:\/\/www.htcformosa.gob.ar\/index.php?rest_route=\/wp\/v2\/users\/12"}],"replies":[{"embeddable":true,"href":"http:\/\/www.htcformosa.gob.ar\/index.php?rest_route=%2Fwp%2Fv2%2Fcomments&post=6478"}],"version-history":[{"count":1,"href":"http:\/\/www.htcformosa.gob.ar\/index.php?rest_route=\/wp\/v2\/posts\/6478\/revisions"}],"predecessor-version":[{"id":6480,"href":"http:\/\/www.htcformosa.gob.ar\/index.php?rest_route=\/wp\/v2\/posts\/6478\/revisions\/6480"}],"wp:attachment":[{"href":"http:\/\/www.htcformosa.gob.ar\/index.php?rest_route=%2Fwp%2Fv2%2Fmedia&parent=6478"}],"wp:term":[{"taxonomy":"category","embeddable":true,"href":"http:\/\/www.htcformosa.gob.ar\/index.php?rest_route=%2Fwp%2Fv2%2Fcategories&post=6478"},{"taxonomy":"post_tag","embeddable":true,"href":"http:\/\/www.htcformosa.gob.ar\/index.php?rest_route=%2Fwp%2Fv2%2Ftags&post=6478"}],"curies":[{"name":"wp","href":"https:\/\/api.w.org\/{rel}","templated":true}]}}