{"id":6774,"date":"2025-03-24T02:59:32","date_gmt":"2025-03-24T02:59:32","guid":{"rendered":"http:\/\/www.htcformosa.gob.ar\/?p=6774"},"modified":"2025-03-24T02:59:32","modified_gmt":"2025-03-24T02:59:32","slug":"dia-nacional-de-la-memoria-por-la-verdad-y-la-justicia","status":"publish","type":"post","link":"http:\/\/www.htcformosa.gob.ar\/?p=6774","title":{"rendered":"D\u00eda Nacional de la Memoria por la Verdad y la Justicia"},"content":{"rendered":"<p>La memoria es nuestra herramienta m\u00e1s poderosa para luchar contra la impunidad. Recordemos, reflexionemos y exijamos verdad y justicia para las v\u00edctimas de la dictadura.<\/p>\n<p><strong>#24M #<\/strong>VerdadJusticia<\/p>\n<p><img loading=\"lazy\" class=\"alignnone size-full wp-image-6775\" src=\"http:\/\/htcformosa.gob.ar\/wp-content\/uploads\/2025\/03\/IMG-20250321-WA0049.jpg\" alt=\"\" width=\"1080\" height=\"1350\" srcset=\"http:\/\/htcformosa.gob.ar\/wp-content\/uploads\/2025\/03\/IMG-20250321-WA0049.jpg 1080w, http:\/\/htcformosa.gob.ar\/wp-content\/uploads\/2025\/03\/IMG-20250321-WA0049-240x300.jpg 240w, http:\/\/htcformosa.gob.ar\/wp-content\/uploads\/2025\/03\/IMG-20250321-WA0049-819x1024.jpg 819w, http:\/\/htcformosa.gob.ar\/wp-content\/uploads\/2025\/03\/IMG-20250321-WA0049-768x960.jpg 768w\" sizes=\"(max-width: 767px) 89vw, (max-width: 1000px) 54vw, (max-width: 1071px) 543px, 580px\" \/><\/p>\n","protected":false},"excerpt":{"rendered":"<p>La memoria es nuestra herramienta m\u00e1s poderosa para luchar contra la impunidad. Recordemos, reflexionemos y exijamos verdad y justicia para las v\u00edctimas de la dictadura. #24M #VerdadJusticia<\/p>\n","protected":false},"author":12,"featured_media":0,"comment_status":"closed","ping_status":"closed","sticky":false,"template":"","format":"standard","meta":{"ngg_post_thumbnail":0},"categories":[1],"tags":[],"_links":{"self":[{"href":"http:\/\/www.htcformosa.gob.ar\/index.php?rest_route=\/wp\/v2\/posts\/6774"}],"collection":[{"href":"http:\/\/www.htcformosa.gob.ar\/index.php?rest_route=\/wp\/v2\/posts"}],"about":[{"href":"http:\/\/www.htcformosa.gob.ar\/index.php?rest_route=\/wp\/v2\/types\/post"}],"author":[{"embeddable":true,"href":"http:\/\/www.htcformosa.gob.ar\/index.php?rest_route=\/wp\/v2\/users\/12"}],"replies":[{"embeddable":true,"href":"http:\/\/www.htcformosa.gob.ar\/index.php?rest_route=%2Fwp%2Fv2%2Fcomments&post=6774"}],"version-history":[{"count":1,"href":"http:\/\/www.htcformosa.gob.ar\/index.php?rest_route=\/wp\/v2\/posts\/6774\/revisions"}],"predecessor-version":[{"id":6776,"href":"http:\/\/www.htcformosa.gob.ar\/index.php?rest_route=\/wp\/v2\/posts\/6774\/revisions\/6776"}],"wp:attachment":[{"href":"http:\/\/www.htcformosa.gob.ar\/index.php?rest_route=%2Fwp%2Fv2%2Fmedia&parent=6774"}],"wp:term":[{"taxonomy":"category","embeddable":true,"href":"http:\/\/www.htcformosa.gob.ar\/index.php?rest_route=%2Fwp%2Fv2%2Fcategories&post=6774"},{"taxonomy":"post_tag","embeddable":true,"href":"http:\/\/www.htcformosa.gob.ar\/index.php?rest_route=%2Fwp%2Fv2%2Ftags&post=6774"}],"curies":[{"name":"wp","href":"https:\/\/api.w.org\/{rel}","templated":true}]}}