{"id":6803,"date":"2025-03-25T14:00:11","date_gmt":"2025-03-25T14:00:11","guid":{"rendered":"http:\/\/www.htcformosa.gob.ar\/?p=6803"},"modified":"2025-03-28T11:12:01","modified_gmt":"2025-03-28T11:12:01","slug":"presentacion-de-la-cuenta-anual-2024-2","status":"publish","type":"post","link":"http:\/\/www.htcformosa.gob.ar\/?p=6803","title":{"rendered":"Presentaci\u00f3n de la Cuenta Anual 2024"},"content":{"rendered":"<p style=\"text-align: justify;\">En cumplimiento del Art. 03 inc. A del Acuerdo N\u00b0 38.300, distintos organismos realizaron la presentaci\u00f3n de la Cuenta Anual 2024 ante las autoridades fiscales correspondientes, bajo la esfera de control de la Vocal\u00eda \u201cA\u201d del Honorable Tribunal de Cuentas.<br \/>\nEl Subdirector del Servicio Administrativo Financiero del Instituto Polit\u00e9cnico de Formosa, C.P. Fernando Monjes, present\u00f3 la documentaci\u00f3n al Delegado Fiscal C.P. Pablo Hern\u00e1ndez. Asimismo, la Jefa del Departamento de Rendici\u00f3n de Cuentas del Ministerio de Desarrollo Humano, Sra. M\u00f3nica Sbardella, realiz\u00f3 la entrega a la Delegada Fiscal C.P. Hilda Servi\u00e1n.<\/p>\n<p style=\"text-align: justify;\">Por otra parte, el Sr. Nicol\u00e1s Dom\u00ednguez present\u00f3 las cuentas del Ministerio de la Secretar\u00eda General del Poder Ejecutivo y del Organismo de Representaci\u00f3n del Poder Ejecutivo en Buenos Aires ante el Delegado Fiscal C.P. Omar Lucero. De igual manera, el Jefe Contable del Instituto Provincial de la Vivienda, Sr. Mario Cardozo, realiz\u00f3 la presentaci\u00f3n correspondiente ante la Delegada Fiscal C.P. Claudia P\u00e9rez.<\/p>\n<p style=\"text-align: justify;\">Finalmente, el Sr. Ricardo Mencia, en representaci\u00f3n de Lapacho-LT 88TV Canal 11-Formosa, entreg\u00f3 la documentaci\u00f3n a la Delegada Fiscal C.P. Karina S\u00e1nchez.<\/p>\n<!-- default-view.php -->\n<div\n\tclass=\"ngg-galleryoverview default-view \"\n\tid=\"ngg-gallery-cfd8aecd1910a634392dec3d007205ca-1\">\n\n\t\t<!-- Thumbnails -->\n\t\t\t\t<div id=\"ngg-image-0\" class=\"ngg-gallery-thumbnail-box ngg-2-columns\" >\n\t\t\t\t        <div class=\"ngg-gallery-thumbnail\">\n            <a href=\"http:\/\/htcformosa.gob.ar\/wp-content\/gallery\/presentcuentaanual2025supa\/4.jpg\"\n               title=\"\"\n               data-src=\"http:\/\/htcformosa.gob.ar\/wp-content\/gallery\/presentcuentaanual2025supa\/4.jpg\"\n               data-thumbnail=\"http:\/\/htcformosa.gob.ar\/wp-content\/gallery\/presentcuentaanual2025supa\/thumbs\/thumbs_4.jpg\"\n               data-image-id=\"1281\"\n               data-title=\"4\"\n               data-description=\"\"\n               data-image-slug=\"4-2\"\n               class=\"ngg-simplelightbox\" rel=\"cfd8aecd1910a634392dec3d007205ca\">\n                <img\n                    title=\"4\"\n                    alt=\"4\"\n                    src=\"http:\/\/htcformosa.gob.ar\/wp-content\/gallery\/presentcuentaanual2025supa\/thumbs\/thumbs_4.jpg\"\n                    width=\"240\"\n                    height=\"160\"\n                    style=\"max-width:100%;\"\n                \/>\n            <\/a>\n        <\/div>\n\t\t\t\t\t\t\t<\/div> \n\t\t\t\n\t\t\t\t<div id=\"ngg-image-1\" class=\"ngg-gallery-thumbnail-box ngg-2-columns\" >\n\t\t\t\t        <div class=\"ngg-gallery-thumbnail\">\n            <a href=\"http:\/\/htcformosa.gob.ar\/wp-content\/gallery\/presentcuentaanual2025supa\/3.jpg\"\n               title=\"\"\n               data-src=\"http:\/\/htcformosa.gob.ar\/wp-content\/gallery\/presentcuentaanual2025supa\/3.jpg\"\n               data-thumbnail=\"http:\/\/htcformosa.gob.ar\/wp-content\/gallery\/presentcuentaanual2025supa\/thumbs\/thumbs_3.jpg\"\n               data-image-id=\"1282\"\n               data-title=\"3\"\n               data-description=\"\"\n               data-image-slug=\"3-6\"\n               class=\"ngg-simplelightbox\" rel=\"cfd8aecd1910a634392dec3d007205ca\">\n                <img\n                    title=\"3\"\n                    alt=\"3\"\n                    src=\"http:\/\/htcformosa.gob.ar\/wp-content\/gallery\/presentcuentaanual2025supa\/thumbs\/thumbs_3.jpg\"\n                    width=\"240\"\n                    height=\"160\"\n                    style=\"max-width:100%;\"\n                \/>\n            <\/a>\n        <\/div>\n\t\t\t\t\t\t\t<\/div> \n\t\t\t\n\t\t\t\t<div id=\"ngg-image-2\" class=\"ngg-gallery-thumbnail-box ngg-2-columns\" >\n\t\t\t\t        <div class=\"ngg-gallery-thumbnail\">\n            <a href=\"http:\/\/htcformosa.gob.ar\/wp-content\/gallery\/presentcuentaanual2025supa\/2.jpg\"\n               title=\"\"\n               data-src=\"http:\/\/htcformosa.gob.ar\/wp-content\/gallery\/presentcuentaanual2025supa\/2.jpg\"\n               data-thumbnail=\"http:\/\/htcformosa.gob.ar\/wp-content\/gallery\/presentcuentaanual2025supa\/thumbs\/thumbs_2.jpg\"\n               data-image-id=\"1283\"\n               data-title=\"2\"\n               data-description=\"\"\n               data-image-slug=\"2-6\"\n               class=\"ngg-simplelightbox\" rel=\"cfd8aecd1910a634392dec3d007205ca\">\n                <img\n                    title=\"2\"\n                    alt=\"2\"\n                    src=\"http:\/\/htcformosa.gob.ar\/wp-content\/gallery\/presentcuentaanual2025supa\/thumbs\/thumbs_2.jpg\"\n                    width=\"240\"\n                    height=\"160\"\n                    style=\"max-width:100%;\"\n                \/>\n            <\/a>\n        <\/div>\n\t\t\t\t\t\t\t<\/div> \n\t\t\t\n\t\t\t\t<div id=\"ngg-image-3\" class=\"ngg-gallery-thumbnail-box ngg-2-columns\" >\n\t\t\t\t        <div class=\"ngg-gallery-thumbnail\">\n            <a href=\"http:\/\/htcformosa.gob.ar\/wp-content\/gallery\/presentcuentaanual2025supa\/1.jpg\"\n               title=\"\"\n               data-src=\"http:\/\/htcformosa.gob.ar\/wp-content\/gallery\/presentcuentaanual2025supa\/1.jpg\"\n               data-thumbnail=\"http:\/\/htcformosa.gob.ar\/wp-content\/gallery\/presentcuentaanual2025supa\/thumbs\/thumbs_1.jpg\"\n               data-image-id=\"1284\"\n               data-title=\"1\"\n               data-description=\"\"\n               data-image-slug=\"1-7\"\n               class=\"ngg-simplelightbox\" rel=\"cfd8aecd1910a634392dec3d007205ca\">\n                <img\n                    title=\"1\"\n                    alt=\"1\"\n                    src=\"http:\/\/htcformosa.gob.ar\/wp-content\/gallery\/presentcuentaanual2025supa\/thumbs\/thumbs_1.jpg\"\n                    width=\"240\"\n                    height=\"160\"\n                    style=\"max-width:100%;\"\n                \/>\n            <\/a>\n        <\/div>\n\t\t\t\t\t\t\t<\/div> \n\t\t\t\n\t\t\t\t<div id=\"ngg-image-4\" class=\"ngg-gallery-thumbnail-box ngg-2-columns\" >\n\t\t\t\t        <div class=\"ngg-gallery-thumbnail\">\n            <a href=\"http:\/\/htcformosa.gob.ar\/wp-content\/gallery\/presentcuentaanual2025supa\/5.jpeg\"\n               title=\"\"\n               data-src=\"http:\/\/htcformosa.gob.ar\/wp-content\/gallery\/presentcuentaanual2025supa\/5.jpeg\"\n               data-thumbnail=\"http:\/\/htcformosa.gob.ar\/wp-content\/gallery\/presentcuentaanual2025supa\/thumbs\/thumbs_5.jpeg\"\n               data-image-id=\"1285\"\n               data-title=\"5\"\n               data-description=\"\"\n               data-image-slug=\"5-1\"\n               class=\"ngg-simplelightbox\" rel=\"cfd8aecd1910a634392dec3d007205ca\">\n                <img\n                    title=\"5\"\n                    alt=\"5\"\n                    src=\"http:\/\/htcformosa.gob.ar\/wp-content\/gallery\/presentcuentaanual2025supa\/thumbs\/thumbs_5.jpeg\"\n                    width=\"240\"\n                    height=\"160\"\n                    style=\"max-width:100%;\"\n                \/>\n            <\/a>\n        <\/div>\n\t\t\t\t\t\t\t<\/div> \n\t\t\t\n\t\n\t<br style=\"clear: both\" \/>\n\n\t\n\t\t<!-- Pagination -->\n\t<div class='ngg-clear'><\/div>\t<\/div>\n\n","protected":false},"excerpt":{"rendered":"<p>En cumplimiento del Art. 03 inc. A del Acuerdo N\u00b0 38.300, distintos organismos realizaron la presentaci\u00f3n de la Cuenta Anual 2024 ante las autoridades fiscales correspondientes, bajo la esfera de control de la Vocal\u00eda \u201cA\u201d del Honorable Tribunal de Cuentas. El Subdirector del Servicio Administrativo Financiero del Instituto Polit\u00e9cnico de Formosa, C.P. Fernando Monjes, present\u00f3 &hellip; <\/p>\n<p class=\"link-more\"><a href=\"http:\/\/www.htcformosa.gob.ar\/?p=6803\" class=\"more-link\">Continuar leyendo<span class=\"screen-reader-text\"> \u00abPresentaci\u00f3n de la Cuenta Anual 2024\u00bb<\/span><\/a><\/p>\n","protected":false},"author":12,"featured_media":0,"comment_status":"closed","ping_status":"closed","sticky":false,"template":"","format":"standard","meta":{"ngg_post_thumbnail":0},"categories":[1],"tags":[],"_links":{"self":[{"href":"http:\/\/www.htcformosa.gob.ar\/index.php?rest_route=\/wp\/v2\/posts\/6803"}],"collection":[{"href":"http:\/\/www.htcformosa.gob.ar\/index.php?rest_route=\/wp\/v2\/posts"}],"about":[{"href":"http:\/\/www.htcformosa.gob.ar\/index.php?rest_route=\/wp\/v2\/types\/post"}],"author":[{"embeddable":true,"href":"http:\/\/www.htcformosa.gob.ar\/index.php?rest_route=\/wp\/v2\/users\/12"}],"replies":[{"embeddable":true,"href":"http:\/\/www.htcformosa.gob.ar\/index.php?rest_route=%2Fwp%2Fv2%2Fcomments&post=6803"}],"version-history":[{"count":1,"href":"http:\/\/www.htcformosa.gob.ar\/index.php?rest_route=\/wp\/v2\/posts\/6803\/revisions"}],"predecessor-version":[{"id":6804,"href":"http:\/\/www.htcformosa.gob.ar\/index.php?rest_route=\/wp\/v2\/posts\/6803\/revisions\/6804"}],"wp:attachment":[{"href":"http:\/\/www.htcformosa.gob.ar\/index.php?rest_route=%2Fwp%2Fv2%2Fmedia&parent=6803"}],"wp:term":[{"taxonomy":"category","embeddable":true,"href":"http:\/\/www.htcformosa.gob.ar\/index.php?rest_route=%2Fwp%2Fv2%2Fcategories&post=6803"},{"taxonomy":"post_tag","embeddable":true,"href":"http:\/\/www.htcformosa.gob.ar\/index.php?rest_route=%2Fwp%2Fv2%2Ftags&post=6803"}],"curies":[{"name":"wp","href":"https:\/\/api.w.org\/{rel}","templated":true}]}}