{"id":6839,"date":"2025-03-27T15:36:19","date_gmt":"2025-03-27T15:36:19","guid":{"rendered":"http:\/\/www.htcformosa.gob.ar\/?p=6839"},"modified":"2025-03-31T15:37:40","modified_gmt":"2025-03-31T15:37:40","slug":"presentacion-cuenta-anual-3","status":"publish","type":"post","link":"http:\/\/www.htcformosa.gob.ar\/?p=6839","title":{"rendered":"Presentaci\u00f3n Cuenta Anual"},"content":{"rendered":"<p style=\"text-align: justify;\">En cumplimiento del Art. 03 inc. A del Acuerdo N\u00b0 38.300, diferentes representantes de organismos y entidades realizaron en el d\u00eda de la fecha la presentaci\u00f3n de la Cuenta Anual 2024 ante los respectivos Delegados Fiscales, aclarando que todos los organismos se encuentran bajo el control de la Vocal\u00eda \u201cA\u201d del Honorable Tribunal de Cuentas.<\/p>\n<p style=\"text-align: justify;\">Los responsables de las presentaciones fueron:<\/p>\n<p style=\"text-align: justify;\">La C.P. Sonia Galarza, Jefe Contable a Cargo, y la C.P. Mar\u00eda Nicipurenco, a cargo de la Tesorer\u00eda del Hospital Interdistrital Evita, entregaron la documentaci\u00f3n a la Delegada Fiscal C.P. Hilda Servi\u00e1n.<\/p>\n<p style=\"text-align: justify;\">La C.P. Ayel\u00e9n Yevara, en representaci\u00f3n de la Direcci\u00f3n de Compras y Suministros, entreg\u00f3 la documentaci\u00f3n a la Delegada Fiscal C.P. Leticia Bejarano.<\/p>\n<p style=\"text-align: justify;\">El Sr. Roberto Osorio, Jefe del Departamento de Rendi\u00f3n de Cuentas del Ministerio de la Comunidad, realiz\u00f3 la presentaci\u00f3n ante la Delegada Fiscal C.P. Marlene Duarte.<\/p>\n<p><!--more--><\/p>\n<p style=\"text-align: justify;\">La C.P. Estela Franco, Asesora Contable de la Unidad Central de Administraci\u00f3n de Programas (UCAP), entreg\u00f3 la documentaci\u00f3n a la Delegada Fiscal C.P. Marina Gisel Chamorro.<\/p>\n<p style=\"text-align: justify;\">La C.P. Flavia Elena Ben\u00edtez, Directora del Servicio Administrativo Financiero de la Secretar\u00eda de la Mujer, realiz\u00f3 la presentaci\u00f3n ante la Delegada Fiscal C.P. Claudia P\u00e9rez.<\/p>\n<p style=\"text-align: justify;\">El Tec. Arturo M. Schmideauer, Jefe del Departamento Contable del IAPA, entreg\u00f3 la documentaci\u00f3n a la Delegada Fiscal C.P. Karina S\u00e1nchez.<\/p>\n<p style=\"text-align: justify;\">El Sr. Hugo Vega, en representaci\u00f3n de la Direcci\u00f3n Provincial de Vialidad, realiz\u00f3 la presentaci\u00f3n ante el Delegado Fiscal C.P. Enrique Brito.<\/p>\n<p style=\"text-align: justify;\">De este modo, se dio cumplimiento a lo establecido en la normativa vigente respecto a la rendici\u00f3n de cuentas de los organismos bajo supervisi\u00f3n del Honorable Tribunal de Cuentas.<\/p>\n<!-- default-view.php -->\n<div\n\tclass=\"ngg-galleryoverview default-view \"\n\tid=\"ngg-gallery-f258f80b8bd51a9cc152012b7b3ffebe-1\">\n\n\t\t<!-- Thumbnails -->\n\t\t\t\t<div id=\"ngg-image-0\" class=\"ngg-gallery-thumbnail-box ngg-3-columns\" >\n\t\t\t\t        <div class=\"ngg-gallery-thumbnail\">\n            <a href=\"http:\/\/htcformosa.gob.ar\/wp-content\/gallery\/presentctaanual27marz2025voca01\/07.jpeg\"\n               title=\"\"\n               data-src=\"http:\/\/htcformosa.gob.ar\/wp-content\/gallery\/presentctaanual27marz2025voca01\/07.jpeg\"\n               data-thumbnail=\"http:\/\/htcformosa.gob.ar\/wp-content\/gallery\/presentctaanual27marz2025voca01\/thumbs\/thumbs_07.jpeg\"\n               data-image-id=\"1297\"\n               data-title=\"07\"\n               data-description=\"\"\n               data-image-slug=\"07-3\"\n               class=\"ngg-simplelightbox\" rel=\"f258f80b8bd51a9cc152012b7b3ffebe\">\n                <img\n                    title=\"07\"\n                    alt=\"07\"\n                    src=\"http:\/\/htcformosa.gob.ar\/wp-content\/gallery\/presentctaanual27marz2025voca01\/thumbs\/thumbs_07.jpeg\"\n                    width=\"240\"\n                    height=\"160\"\n                    style=\"max-width:100%;\"\n                \/>\n            <\/a>\n        <\/div>\n\t\t\t\t\t\t\t<\/div> \n\t\t\t\n\t\t\t\t<div id=\"ngg-image-1\" class=\"ngg-gallery-thumbnail-box ngg-3-columns\" >\n\t\t\t\t        <div class=\"ngg-gallery-thumbnail\">\n            <a href=\"http:\/\/htcformosa.gob.ar\/wp-content\/gallery\/presentctaanual27marz2025voca01\/01.jpeg\"\n               title=\"\"\n               data-src=\"http:\/\/htcformosa.gob.ar\/wp-content\/gallery\/presentctaanual27marz2025voca01\/01.jpeg\"\n               data-thumbnail=\"http:\/\/htcformosa.gob.ar\/wp-content\/gallery\/presentctaanual27marz2025voca01\/thumbs\/thumbs_01.jpeg\"\n               data-image-id=\"1298\"\n               data-title=\"01\"\n               data-description=\"\"\n               data-image-slug=\"01-10\"\n               class=\"ngg-simplelightbox\" rel=\"f258f80b8bd51a9cc152012b7b3ffebe\">\n                <img\n                    title=\"01\"\n                    alt=\"01\"\n                    src=\"http:\/\/htcformosa.gob.ar\/wp-content\/gallery\/presentctaanual27marz2025voca01\/thumbs\/thumbs_01.jpeg\"\n                    width=\"240\"\n                    height=\"160\"\n                    style=\"max-width:100%;\"\n                \/>\n            <\/a>\n        <\/div>\n\t\t\t\t\t\t\t<\/div> \n\t\t\t\n\t\t\t\t<div id=\"ngg-image-2\" class=\"ngg-gallery-thumbnail-box ngg-3-columns\" >\n\t\t\t\t        <div class=\"ngg-gallery-thumbnail\">\n            <a href=\"http:\/\/htcformosa.gob.ar\/wp-content\/gallery\/presentctaanual27marz2025voca01\/03.jpeg\"\n               title=\"\"\n               data-src=\"http:\/\/htcformosa.gob.ar\/wp-content\/gallery\/presentctaanual27marz2025voca01\/03.jpeg\"\n               data-thumbnail=\"http:\/\/htcformosa.gob.ar\/wp-content\/gallery\/presentctaanual27marz2025voca01\/thumbs\/thumbs_03.jpeg\"\n               data-image-id=\"1299\"\n               data-title=\"03\"\n               data-description=\"\"\n               data-image-slug=\"03-9\"\n               class=\"ngg-simplelightbox\" rel=\"f258f80b8bd51a9cc152012b7b3ffebe\">\n                <img\n                    title=\"03\"\n                    alt=\"03\"\n                    src=\"http:\/\/htcformosa.gob.ar\/wp-content\/gallery\/presentctaanual27marz2025voca01\/thumbs\/thumbs_03.jpeg\"\n                    width=\"240\"\n                    height=\"160\"\n                    style=\"max-width:100%;\"\n                \/>\n            <\/a>\n        <\/div>\n\t\t\t\t\t\t\t<\/div> \n\t\t\t\n\t\t\t\t<div id=\"ngg-image-3\" class=\"ngg-gallery-thumbnail-box ngg-3-columns\" >\n\t\t\t\t        <div class=\"ngg-gallery-thumbnail\">\n            <a href=\"http:\/\/htcformosa.gob.ar\/wp-content\/gallery\/presentctaanual27marz2025voca01\/04.jpeg\"\n               title=\"\"\n               data-src=\"http:\/\/htcformosa.gob.ar\/wp-content\/gallery\/presentctaanual27marz2025voca01\/04.jpeg\"\n               data-thumbnail=\"http:\/\/htcformosa.gob.ar\/wp-content\/gallery\/presentctaanual27marz2025voca01\/thumbs\/thumbs_04.jpeg\"\n               data-image-id=\"1300\"\n               data-title=\"04\"\n               data-description=\"\"\n               data-image-slug=\"04-7\"\n               class=\"ngg-simplelightbox\" rel=\"f258f80b8bd51a9cc152012b7b3ffebe\">\n                <img\n                    title=\"04\"\n                    alt=\"04\"\n                    src=\"http:\/\/htcformosa.gob.ar\/wp-content\/gallery\/presentctaanual27marz2025voca01\/thumbs\/thumbs_04.jpeg\"\n                    width=\"240\"\n                    height=\"160\"\n                    style=\"max-width:100%;\"\n                \/>\n            <\/a>\n        <\/div>\n\t\t\t\t\t\t\t<\/div> \n\t\t\t\n\t\t\t\t<div id=\"ngg-image-4\" class=\"ngg-gallery-thumbnail-box ngg-3-columns\" >\n\t\t\t\t        <div class=\"ngg-gallery-thumbnail\">\n            <a href=\"http:\/\/htcformosa.gob.ar\/wp-content\/gallery\/presentctaanual27marz2025voca01\/05.jpeg\"\n               title=\"\"\n               data-src=\"http:\/\/htcformosa.gob.ar\/wp-content\/gallery\/presentctaanual27marz2025voca01\/05.jpeg\"\n               data-thumbnail=\"http:\/\/htcformosa.gob.ar\/wp-content\/gallery\/presentctaanual27marz2025voca01\/thumbs\/thumbs_05.jpeg\"\n               data-image-id=\"1301\"\n               data-title=\"05\"\n               data-description=\"\"\n               data-image-slug=\"05-8\"\n               class=\"ngg-simplelightbox\" rel=\"f258f80b8bd51a9cc152012b7b3ffebe\">\n                <img\n                    title=\"05\"\n                    alt=\"05\"\n                    src=\"http:\/\/htcformosa.gob.ar\/wp-content\/gallery\/presentctaanual27marz2025voca01\/thumbs\/thumbs_05.jpeg\"\n                    width=\"240\"\n                    height=\"160\"\n                    style=\"max-width:100%;\"\n                \/>\n            <\/a>\n        <\/div>\n\t\t\t\t\t\t\t<\/div> \n\t\t\t\n\t\t\t\t<div id=\"ngg-image-5\" class=\"ngg-gallery-thumbnail-box ngg-3-columns\" >\n\t\t\t\t        <div class=\"ngg-gallery-thumbnail\">\n            <a href=\"http:\/\/htcformosa.gob.ar\/wp-content\/gallery\/presentctaanual27marz2025voca01\/02.jpeg\"\n               title=\"\"\n               data-src=\"http:\/\/htcformosa.gob.ar\/wp-content\/gallery\/presentctaanual27marz2025voca01\/02.jpeg\"\n               data-thumbnail=\"http:\/\/htcformosa.gob.ar\/wp-content\/gallery\/presentctaanual27marz2025voca01\/thumbs\/thumbs_02.jpeg\"\n               data-image-id=\"1302\"\n               data-title=\"02\"\n               data-description=\"\"\n               data-image-slug=\"02-10\"\n               class=\"ngg-simplelightbox\" rel=\"f258f80b8bd51a9cc152012b7b3ffebe\">\n                <img\n                    title=\"02\"\n                    alt=\"02\"\n                    src=\"http:\/\/htcformosa.gob.ar\/wp-content\/gallery\/presentctaanual27marz2025voca01\/thumbs\/thumbs_02.jpeg\"\n                    width=\"240\"\n                    height=\"160\"\n                    style=\"max-width:100%;\"\n                \/>\n            <\/a>\n        <\/div>\n\t\t\t\t\t\t\t<\/div> \n\t\t\t\n\t\t\t\t<div id=\"ngg-image-6\" class=\"ngg-gallery-thumbnail-box ngg-3-columns\" >\n\t\t\t\t        <div class=\"ngg-gallery-thumbnail\">\n            <a href=\"http:\/\/htcformosa.gob.ar\/wp-content\/gallery\/presentctaanual27marz2025voca01\/06.jpeg\"\n               title=\"\"\n               data-src=\"http:\/\/htcformosa.gob.ar\/wp-content\/gallery\/presentctaanual27marz2025voca01\/06.jpeg\"\n               data-thumbnail=\"http:\/\/htcformosa.gob.ar\/wp-content\/gallery\/presentctaanual27marz2025voca01\/thumbs\/thumbs_06.jpeg\"\n               data-image-id=\"1303\"\n               data-title=\"06\"\n               data-description=\"\"\n               data-image-slug=\"06-8\"\n               class=\"ngg-simplelightbox\" rel=\"f258f80b8bd51a9cc152012b7b3ffebe\">\n                <img\n                    title=\"06\"\n                    alt=\"06\"\n                    src=\"http:\/\/htcformosa.gob.ar\/wp-content\/gallery\/presentctaanual27marz2025voca01\/thumbs\/thumbs_06.jpeg\"\n                    width=\"240\"\n                    height=\"160\"\n                    style=\"max-width:100%;\"\n                \/>\n            <\/a>\n        <\/div>\n\t\t\t\t\t\t\t<\/div> \n\t\t\t\n\t\n\t<br style=\"clear: both\" \/>\n\n\t\n\t\t<!-- Pagination -->\n\t<div class='ngg-clear'><\/div>\t<\/div>\n\n","protected":false},"excerpt":{"rendered":"<p>En cumplimiento del Art. 03 inc. A del Acuerdo N\u00b0 38.300, diferentes representantes de organismos y entidades realizaron en el d\u00eda de la fecha la presentaci\u00f3n de la Cuenta Anual 2024 ante los respectivos Delegados Fiscales, aclarando que todos los organismos se encuentran bajo el control de la Vocal\u00eda \u201cA\u201d del Honorable Tribunal de Cuentas. &hellip; <\/p>\n<p class=\"link-more\"><a href=\"http:\/\/www.htcformosa.gob.ar\/?p=6839\" class=\"more-link\">Continuar leyendo<span class=\"screen-reader-text\"> \u00abPresentaci\u00f3n Cuenta Anual\u00bb<\/span><\/a><\/p>\n","protected":false},"author":12,"featured_media":0,"comment_status":"closed","ping_status":"closed","sticky":false,"template":"","format":"standard","meta":{"ngg_post_thumbnail":0},"categories":[1],"tags":[],"_links":{"self":[{"href":"http:\/\/www.htcformosa.gob.ar\/index.php?rest_route=\/wp\/v2\/posts\/6839"}],"collection":[{"href":"http:\/\/www.htcformosa.gob.ar\/index.php?rest_route=\/wp\/v2\/posts"}],"about":[{"href":"http:\/\/www.htcformosa.gob.ar\/index.php?rest_route=\/wp\/v2\/types\/post"}],"author":[{"embeddable":true,"href":"http:\/\/www.htcformosa.gob.ar\/index.php?rest_route=\/wp\/v2\/users\/12"}],"replies":[{"embeddable":true,"href":"http:\/\/www.htcformosa.gob.ar\/index.php?rest_route=%2Fwp%2Fv2%2Fcomments&post=6839"}],"version-history":[{"count":1,"href":"http:\/\/www.htcformosa.gob.ar\/index.php?rest_route=\/wp\/v2\/posts\/6839\/revisions"}],"predecessor-version":[{"id":6840,"href":"http:\/\/www.htcformosa.gob.ar\/index.php?rest_route=\/wp\/v2\/posts\/6839\/revisions\/6840"}],"wp:attachment":[{"href":"http:\/\/www.htcformosa.gob.ar\/index.php?rest_route=%2Fwp%2Fv2%2Fmedia&parent=6839"}],"wp:term":[{"taxonomy":"category","embeddable":true,"href":"http:\/\/www.htcformosa.gob.ar\/index.php?rest_route=%2Fwp%2Fv2%2Fcategories&post=6839"},{"taxonomy":"post_tag","embeddable":true,"href":"http:\/\/www.htcformosa.gob.ar\/index.php?rest_route=%2Fwp%2Fv2%2Ftags&post=6839"}],"curies":[{"name":"wp","href":"https:\/\/api.w.org\/{rel}","templated":true}]}}