{"id":6860,"date":"2025-03-28T15:40:19","date_gmt":"2025-03-28T15:40:19","guid":{"rendered":"http:\/\/www.htcformosa.gob.ar\/?p=6860"},"modified":"2025-03-31T15:42:37","modified_gmt":"2025-03-31T15:42:37","slug":"presentacion-cuenta-anual-4","status":"publish","type":"post","link":"http:\/\/www.htcformosa.gob.ar\/?p=6860","title":{"rendered":"Presentaci\u00f3n Cuenta Anual"},"content":{"rendered":"<p style=\"text-align: justify;\">En cumplimiento del Art. 03 inc. A del Acuerdo N\u00b0 38.300, diversas autoridades de organismos provinciales realizaron en el d\u00eda de la fecha la presentaci\u00f3n de la Cuenta Anual 2024 ante los respectivos Delegados Fiscales, aclarando que dichos organismos se encuentran bajo el control de la Presidencia del Honorable Tribunal de Cuentas.<\/p>\n<p><!--more--><\/p>\n<p style=\"text-align: justify;\">Las presentaciones fueron efectuadas por:<\/p>\n<ul style=\"text-align: justify;\">\n<li>C.P. Raquel Bogado, responsable del IAS, quien entreg\u00f3 la documentaci\u00f3n al Delegado Fiscal C.P. Jorge Prieto.<\/li>\n<li>Rosa Antonia Larrea, responsable de la Administraci\u00f3n Tributaria Provincial, quien la entreg\u00f3 a los Delegados Fiscales C.P. Graciela Rivira, C.P. Luis Fern\u00e1ndez y C.P. Soledad Brunaga.<\/li>\n<li>C.P. Mar\u00eda Adela Espinoza y Roxana B\u00e1ez, responsables del Poder Judicial, quienes la presentaron ante el Delegado Fiscal C.P. Rodrigo Rivarola Lima.<\/li>\n<li>Guillermo Arias y Valeria Nadin Barrios, responsables de la Caja de Previsi\u00f3n Social, quienes la entregaron a los Delegados Fiscales C.P. Graciela Rivira y C.P. Luis Fern\u00e1ndez.<\/li>\n<li>Nora Ruiz, responsable del Instituto de Comunidades Abor\u00edgenes, quien la entreg\u00f3 a la Delegada Fiscal C.P. Micaela Garc\u00eda.<\/li>\n<li>C.P. Mariela Romero, responsable de la Fiscal\u00eda de Estado, quien la present\u00f3 ante el Delegado Fiscal C.P. Jos\u00e9 Hern\u00e1n Cuevas.<\/li>\n<li>Mariana Ter\u00e1n, responsable de la Administraci\u00f3n Tributaria Provincial Recursos, quien la entreg\u00f3 a los Delegados Fiscales C.P. Graciela Rivira, C.P. Luis Fern\u00e1ndez y C.P. Soledad Brunaga.<\/li>\n<li>Rebecca Buryaile y Edy Anaquin Gor, responsables del Instituto Provincial del Seguro, quienes la presentaron ante la Delegada Fiscal Lurdes Acu\u00f1a.<\/li>\n<li>Mat\u00edas Ant\u00fanez, responsable de PAIPPA, quien la entreg\u00f3 al Delegado Fiscal C.P. Leopoldo Ibarra.<\/li>\n<\/ul>\n<!-- default-view.php -->\n<div\n\tclass=\"ngg-galleryoverview default-view \"\n\tid=\"ngg-gallery-57a65cd224ec29f0bd34e4863bbd01fd-1\">\n\n\t\t<!-- Thumbnails -->\n\t\t\t\t<div id=\"ngg-image-0\" class=\"ngg-gallery-thumbnail-box ngg-4-columns\" >\n\t\t\t\t        <div class=\"ngg-gallery-thumbnail\">\n            <a href=\"http:\/\/htcformosa.gob.ar\/wp-content\/gallery\/ctaanualpresid28marz2025\/008.jpeg\"\n               title=\"\"\n               data-src=\"http:\/\/htcformosa.gob.ar\/wp-content\/gallery\/ctaanualpresid28marz2025\/008.jpeg\"\n               data-thumbnail=\"http:\/\/htcformosa.gob.ar\/wp-content\/gallery\/ctaanualpresid28marz2025\/thumbs\/thumbs_008.jpeg\"\n               data-image-id=\"1304\"\n               data-title=\"008\"\n               data-description=\"\"\n               data-image-slug=\"008-4\"\n               class=\"ngg-simplelightbox\" rel=\"57a65cd224ec29f0bd34e4863bbd01fd\">\n                <img\n                    title=\"008\"\n                    alt=\"008\"\n                    src=\"http:\/\/htcformosa.gob.ar\/wp-content\/gallery\/ctaanualpresid28marz2025\/thumbs\/thumbs_008.jpeg\"\n                    width=\"240\"\n                    height=\"160\"\n                    style=\"max-width:100%;\"\n                \/>\n            <\/a>\n        <\/div>\n\t\t\t\t\t\t\t<\/div> \n\t\t\t\n\t\t\t\t<div id=\"ngg-image-1\" class=\"ngg-gallery-thumbnail-box ngg-4-columns\" >\n\t\t\t\t        <div class=\"ngg-gallery-thumbnail\">\n            <a href=\"http:\/\/htcformosa.gob.ar\/wp-content\/gallery\/ctaanualpresid28marz2025\/007.jpg\"\n               title=\"\"\n               data-src=\"http:\/\/htcformosa.gob.ar\/wp-content\/gallery\/ctaanualpresid28marz2025\/007.jpg\"\n               data-thumbnail=\"http:\/\/htcformosa.gob.ar\/wp-content\/gallery\/ctaanualpresid28marz2025\/thumbs\/thumbs_007.jpg\"\n               data-image-id=\"1305\"\n               data-title=\"007\"\n               data-description=\"\"\n               data-image-slug=\"007-4\"\n               class=\"ngg-simplelightbox\" rel=\"57a65cd224ec29f0bd34e4863bbd01fd\">\n                <img\n                    title=\"007\"\n                    alt=\"007\"\n                    src=\"http:\/\/htcformosa.gob.ar\/wp-content\/gallery\/ctaanualpresid28marz2025\/thumbs\/thumbs_007.jpg\"\n                    width=\"240\"\n                    height=\"160\"\n                    style=\"max-width:100%;\"\n                \/>\n            <\/a>\n        <\/div>\n\t\t\t\t\t\t\t<\/div> \n\t\t\t\n\t\t\t\t<div id=\"ngg-image-2\" class=\"ngg-gallery-thumbnail-box ngg-4-columns\" >\n\t\t\t\t        <div class=\"ngg-gallery-thumbnail\">\n            <a href=\"http:\/\/htcformosa.gob.ar\/wp-content\/gallery\/ctaanualpresid28marz2025\/006.jpg\"\n               title=\"\"\n               data-src=\"http:\/\/htcformosa.gob.ar\/wp-content\/gallery\/ctaanualpresid28marz2025\/006.jpg\"\n               data-thumbnail=\"http:\/\/htcformosa.gob.ar\/wp-content\/gallery\/ctaanualpresid28marz2025\/thumbs\/thumbs_006.jpg\"\n               data-image-id=\"1306\"\n               data-title=\"006\"\n               data-description=\"\"\n               data-image-slug=\"006-4\"\n               class=\"ngg-simplelightbox\" rel=\"57a65cd224ec29f0bd34e4863bbd01fd\">\n                <img\n                    title=\"006\"\n                    alt=\"006\"\n                    src=\"http:\/\/htcformosa.gob.ar\/wp-content\/gallery\/ctaanualpresid28marz2025\/thumbs\/thumbs_006.jpg\"\n                    width=\"240\"\n                    height=\"160\"\n                    style=\"max-width:100%;\"\n                \/>\n            <\/a>\n        <\/div>\n\t\t\t\t\t\t\t<\/div> \n\t\t\t\n\t\t\t\t<div id=\"ngg-image-3\" class=\"ngg-gallery-thumbnail-box ngg-4-columns\" >\n\t\t\t\t        <div class=\"ngg-gallery-thumbnail\">\n            <a href=\"http:\/\/htcformosa.gob.ar\/wp-content\/gallery\/ctaanualpresid28marz2025\/005.jpg\"\n               title=\"\"\n               data-src=\"http:\/\/htcformosa.gob.ar\/wp-content\/gallery\/ctaanualpresid28marz2025\/005.jpg\"\n               data-thumbnail=\"http:\/\/htcformosa.gob.ar\/wp-content\/gallery\/ctaanualpresid28marz2025\/thumbs\/thumbs_005.jpg\"\n               data-image-id=\"1307\"\n               data-title=\"005\"\n               data-description=\"\"\n               data-image-slug=\"005-4\"\n               class=\"ngg-simplelightbox\" rel=\"57a65cd224ec29f0bd34e4863bbd01fd\">\n                <img\n                    title=\"005\"\n                    alt=\"005\"\n                    src=\"http:\/\/htcformosa.gob.ar\/wp-content\/gallery\/ctaanualpresid28marz2025\/thumbs\/thumbs_005.jpg\"\n                    width=\"240\"\n                    height=\"160\"\n                    style=\"max-width:100%;\"\n                \/>\n            <\/a>\n        <\/div>\n\t\t\t\t\t\t\t<\/div> \n\t\t\t\n\t\t\t\t<div id=\"ngg-image-4\" class=\"ngg-gallery-thumbnail-box ngg-4-columns\" >\n\t\t\t\t        <div class=\"ngg-gallery-thumbnail\">\n            <a href=\"http:\/\/htcformosa.gob.ar\/wp-content\/gallery\/ctaanualpresid28marz2025\/004.jpg\"\n               title=\"\"\n               data-src=\"http:\/\/htcformosa.gob.ar\/wp-content\/gallery\/ctaanualpresid28marz2025\/004.jpg\"\n               data-thumbnail=\"http:\/\/htcformosa.gob.ar\/wp-content\/gallery\/ctaanualpresid28marz2025\/thumbs\/thumbs_004.jpg\"\n               data-image-id=\"1308\"\n               data-title=\"004\"\n               data-description=\"\"\n               data-image-slug=\"004-4\"\n               class=\"ngg-simplelightbox\" rel=\"57a65cd224ec29f0bd34e4863bbd01fd\">\n                <img\n                    title=\"004\"\n                    alt=\"004\"\n                    src=\"http:\/\/htcformosa.gob.ar\/wp-content\/gallery\/ctaanualpresid28marz2025\/thumbs\/thumbs_004.jpg\"\n                    width=\"240\"\n                    height=\"160\"\n                    style=\"max-width:100%;\"\n                \/>\n            <\/a>\n        <\/div>\n\t\t\t\t\t\t\t<\/div> \n\t\t\t\n\t\t\t\t<div id=\"ngg-image-5\" class=\"ngg-gallery-thumbnail-box ngg-4-columns\" >\n\t\t\t\t        <div class=\"ngg-gallery-thumbnail\">\n            <a href=\"http:\/\/htcformosa.gob.ar\/wp-content\/gallery\/ctaanualpresid28marz2025\/003.jpg\"\n               title=\"\"\n               data-src=\"http:\/\/htcformosa.gob.ar\/wp-content\/gallery\/ctaanualpresid28marz2025\/003.jpg\"\n               data-thumbnail=\"http:\/\/htcformosa.gob.ar\/wp-content\/gallery\/ctaanualpresid28marz2025\/thumbs\/thumbs_003.jpg\"\n               data-image-id=\"1309\"\n               data-title=\"003\"\n               data-description=\"\"\n               data-image-slug=\"003-4\"\n               class=\"ngg-simplelightbox\" rel=\"57a65cd224ec29f0bd34e4863bbd01fd\">\n                <img\n                    title=\"003\"\n                    alt=\"003\"\n                    src=\"http:\/\/htcformosa.gob.ar\/wp-content\/gallery\/ctaanualpresid28marz2025\/thumbs\/thumbs_003.jpg\"\n                    width=\"240\"\n                    height=\"160\"\n                    style=\"max-width:100%;\"\n                \/>\n            <\/a>\n        <\/div>\n\t\t\t\t\t\t\t<\/div> \n\t\t\t\n\t\t\t\t<div id=\"ngg-image-6\" class=\"ngg-gallery-thumbnail-box ngg-4-columns\" >\n\t\t\t\t        <div class=\"ngg-gallery-thumbnail\">\n            <a href=\"http:\/\/htcformosa.gob.ar\/wp-content\/gallery\/ctaanualpresid28marz2025\/002.jpg\"\n               title=\"\"\n               data-src=\"http:\/\/htcformosa.gob.ar\/wp-content\/gallery\/ctaanualpresid28marz2025\/002.jpg\"\n               data-thumbnail=\"http:\/\/htcformosa.gob.ar\/wp-content\/gallery\/ctaanualpresid28marz2025\/thumbs\/thumbs_002.jpg\"\n               data-image-id=\"1310\"\n               data-title=\"002\"\n               data-description=\"\"\n               data-image-slug=\"002-4\"\n               class=\"ngg-simplelightbox\" rel=\"57a65cd224ec29f0bd34e4863bbd01fd\">\n                <img\n                    title=\"002\"\n                    alt=\"002\"\n                    src=\"http:\/\/htcformosa.gob.ar\/wp-content\/gallery\/ctaanualpresid28marz2025\/thumbs\/thumbs_002.jpg\"\n                    width=\"240\"\n                    height=\"160\"\n                    style=\"max-width:100%;\"\n                \/>\n            <\/a>\n        <\/div>\n\t\t\t\t\t\t\t<\/div> \n\t\t\t\n\t\t\t\t<div id=\"ngg-image-7\" class=\"ngg-gallery-thumbnail-box ngg-4-columns\" >\n\t\t\t\t        <div class=\"ngg-gallery-thumbnail\">\n            <a href=\"http:\/\/htcformosa.gob.ar\/wp-content\/gallery\/ctaanualpresid28marz2025\/001.jpg\"\n               title=\"\"\n               data-src=\"http:\/\/htcformosa.gob.ar\/wp-content\/gallery\/ctaanualpresid28marz2025\/001.jpg\"\n               data-thumbnail=\"http:\/\/htcformosa.gob.ar\/wp-content\/gallery\/ctaanualpresid28marz2025\/thumbs\/thumbs_001.jpg\"\n               data-image-id=\"1311\"\n               data-title=\"001\"\n               data-description=\"\"\n               data-image-slug=\"001-4\"\n               class=\"ngg-simplelightbox\" rel=\"57a65cd224ec29f0bd34e4863bbd01fd\">\n                <img\n                    title=\"001\"\n                    alt=\"001\"\n                    src=\"http:\/\/htcformosa.gob.ar\/wp-content\/gallery\/ctaanualpresid28marz2025\/thumbs\/thumbs_001.jpg\"\n                    width=\"240\"\n                    height=\"160\"\n                    style=\"max-width:100%;\"\n                \/>\n            <\/a>\n        <\/div>\n\t\t\t\t\t\t\t<\/div> \n\t\t\t\n\t\t\t\t<div id=\"ngg-image-8\" class=\"ngg-gallery-thumbnail-box ngg-4-columns\" >\n\t\t\t\t        <div class=\"ngg-gallery-thumbnail\">\n            <a href=\"http:\/\/htcformosa.gob.ar\/wp-content\/gallery\/ctaanualpresid28marz2025\/009.jpg\"\n               title=\"\"\n               data-src=\"http:\/\/htcformosa.gob.ar\/wp-content\/gallery\/ctaanualpresid28marz2025\/009.jpg\"\n               data-thumbnail=\"http:\/\/htcformosa.gob.ar\/wp-content\/gallery\/ctaanualpresid28marz2025\/thumbs\/thumbs_009.jpg\"\n               data-image-id=\"1312\"\n               data-title=\"009\"\n               data-description=\"\"\n               data-image-slug=\"009-4\"\n               class=\"ngg-simplelightbox\" rel=\"57a65cd224ec29f0bd34e4863bbd01fd\">\n                <img\n                    title=\"009\"\n                    alt=\"009\"\n                    src=\"http:\/\/htcformosa.gob.ar\/wp-content\/gallery\/ctaanualpresid28marz2025\/thumbs\/thumbs_009.jpg\"\n                    width=\"240\"\n                    height=\"160\"\n                    style=\"max-width:100%;\"\n                \/>\n            <\/a>\n        <\/div>\n\t\t\t\t\t\t\t<\/div> \n\t\t\t\n\t\n\t<br style=\"clear: both\" \/>\n\n\t\n\t\t<!-- Pagination -->\n\t<div class='ngg-clear'><\/div>\t<\/div>\n\n","protected":false},"excerpt":{"rendered":"<p>En cumplimiento del Art. 03 inc. A del Acuerdo N\u00b0 38.300, diversas autoridades de organismos provinciales realizaron en el d\u00eda de la fecha la presentaci\u00f3n de la Cuenta Anual 2024 ante los respectivos Delegados Fiscales, aclarando que dichos organismos se encuentran bajo el control de la Presidencia del Honorable Tribunal de Cuentas.<\/p>\n","protected":false},"author":12,"featured_media":0,"comment_status":"closed","ping_status":"closed","sticky":false,"template":"","format":"standard","meta":{"ngg_post_thumbnail":0},"categories":[1],"tags":[],"_links":{"self":[{"href":"http:\/\/www.htcformosa.gob.ar\/index.php?rest_route=\/wp\/v2\/posts\/6860"}],"collection":[{"href":"http:\/\/www.htcformosa.gob.ar\/index.php?rest_route=\/wp\/v2\/posts"}],"about":[{"href":"http:\/\/www.htcformosa.gob.ar\/index.php?rest_route=\/wp\/v2\/types\/post"}],"author":[{"embeddable":true,"href":"http:\/\/www.htcformosa.gob.ar\/index.php?rest_route=\/wp\/v2\/users\/12"}],"replies":[{"embeddable":true,"href":"http:\/\/www.htcformosa.gob.ar\/index.php?rest_route=%2Fwp%2Fv2%2Fcomments&post=6860"}],"version-history":[{"count":1,"href":"http:\/\/www.htcformosa.gob.ar\/index.php?rest_route=\/wp\/v2\/posts\/6860\/revisions"}],"predecessor-version":[{"id":6861,"href":"http:\/\/www.htcformosa.gob.ar\/index.php?rest_route=\/wp\/v2\/posts\/6860\/revisions\/6861"}],"wp:attachment":[{"href":"http:\/\/www.htcformosa.gob.ar\/index.php?rest_route=%2Fwp%2Fv2%2Fmedia&parent=6860"}],"wp:term":[{"taxonomy":"category","embeddable":true,"href":"http:\/\/www.htcformosa.gob.ar\/index.php?rest_route=%2Fwp%2Fv2%2Fcategories&post=6860"},{"taxonomy":"post_tag","embeddable":true,"href":"http:\/\/www.htcformosa.gob.ar\/index.php?rest_route=%2Fwp%2Fv2%2Ftags&post=6860"}],"curies":[{"name":"wp","href":"https:\/\/api.w.org\/{rel}","templated":true}]}}