{"id":6868,"date":"2025-03-28T15:49:18","date_gmt":"2025-03-28T15:49:18","guid":{"rendered":"http:\/\/www.htcformosa.gob.ar\/?p=6868"},"modified":"2025-03-31T15:51:23","modified_gmt":"2025-03-31T15:51:23","slug":"presentacion-cuenta-anual-5","status":"publish","type":"post","link":"http:\/\/www.htcformosa.gob.ar\/?p=6868","title":{"rendered":"Presentaci\u00f3n Cuenta Anual"},"content":{"rendered":"<p style=\"text-align: justify;\">En cumplimiento del Art. 03 inc. A del Acuerdo N\u00b0 38.300, representantes de distintos organismos realizaron en el d\u00eda de la fecha la presentaci\u00f3n de la Cuenta Anual 2024 ante los respectivos Delegados Fiscales, aclarando que dichos organismos se encuentran bajo el control de la Vocal\u00eda \u201cA\u201d del Honorable Tribunal de Cuentas.<\/p>\n<p style=\"text-align: justify;\">Las presentaciones fueron efectuadas por:<\/p>\n<p><!--more--><\/p>\n<ul>\n<li style=\"text-align: justify;\">Sr. Roberto Genez, en representaci\u00f3n de la Sub-Direcci\u00f3n de Obligaciones a cargo del Tesoro, quien entreg\u00f3 la documentaci\u00f3n al Delegado Fiscal C.P. Eduardo Struciat.<\/li>\n<li style=\"text-align: justify;\">Sra. Marina Zaracho, T\u00e9cnica en Administraci\u00f3n P\u00fablica y Jefa del Departamento Contable del Ministerio de Econom\u00eda, Hacienda y Finanzas, quien la entreg\u00f3 al Delegado Fiscal C.P. Pablo Hern\u00e1ndez.<\/li>\n<li style=\"text-align: justify;\">Sr. Teodoro B\u00e1ez, en representaci\u00f3n de la Jefatura de Polic\u00eda, quien la present\u00f3 ante el Delegado Fiscal C.P. Enrique Brito.<\/li>\n<li style=\"text-align: justify;\">Sra. Valeria R\u00edos, en representaci\u00f3n del Ministerio de Cultura y Educaci\u00f3n, quien la entreg\u00f3 al Delegado Fiscal C.P. Hugo Gauna.<\/li>\n<li style=\"text-align: justify;\">Sres. Alejandro Dumullar y Marcos Eyman, en representaci\u00f3n del Ministerio de Planificaci\u00f3n, Inversi\u00f3n, Obras y Servicios P\u00fablicos, quienes la entregaron al Delegado Fiscal C.P. Omar Lucero.<\/li>\n<li><!-- default-view.php -->\n<div\n\tclass=\"ngg-galleryoverview default-view \"\n\tid=\"ngg-gallery-304fc7109dc7e19c4b5a5242533647c9-1\">\n\n\t\t<!-- Thumbnails -->\n\t\t\t\t<div id=\"ngg-image-0\" class=\"ngg-gallery-thumbnail-box ngg-2-columns\" >\n\t\t\t\t        <div class=\"ngg-gallery-thumbnail\">\n            <a href=\"http:\/\/htcformosa.gob.ar\/wp-content\/gallery\/28mar2025presctaanual\/001.jpeg\"\n               title=\"\"\n               data-src=\"http:\/\/htcformosa.gob.ar\/wp-content\/gallery\/28mar2025presctaanual\/001.jpeg\"\n               data-thumbnail=\"http:\/\/htcformosa.gob.ar\/wp-content\/gallery\/28mar2025presctaanual\/thumbs\/thumbs_001.jpeg\"\n               data-image-id=\"1313\"\n               data-title=\"001\"\n               data-description=\"\"\n               data-image-slug=\"001-5\"\n               class=\"ngg-simplelightbox\" rel=\"304fc7109dc7e19c4b5a5242533647c9\">\n                <img\n                    title=\"001\"\n                    alt=\"001\"\n                    src=\"http:\/\/htcformosa.gob.ar\/wp-content\/gallery\/28mar2025presctaanual\/thumbs\/thumbs_001.jpeg\"\n                    width=\"240\"\n                    height=\"160\"\n                    style=\"max-width:100%;\"\n                \/>\n            <\/a>\n        <\/div>\n\t\t\t\t\t\t\t<\/div> \n\t\t\t\n\t\t\t\t<div id=\"ngg-image-1\" class=\"ngg-gallery-thumbnail-box ngg-2-columns\" >\n\t\t\t\t        <div class=\"ngg-gallery-thumbnail\">\n            <a href=\"http:\/\/htcformosa.gob.ar\/wp-content\/gallery\/28mar2025presctaanual\/005.jpeg\"\n               title=\"\"\n               data-src=\"http:\/\/htcformosa.gob.ar\/wp-content\/gallery\/28mar2025presctaanual\/005.jpeg\"\n               data-thumbnail=\"http:\/\/htcformosa.gob.ar\/wp-content\/gallery\/28mar2025presctaanual\/thumbs\/thumbs_005.jpeg\"\n               data-image-id=\"1314\"\n               data-title=\"005\"\n               data-description=\"\"\n               data-image-slug=\"005-5\"\n               class=\"ngg-simplelightbox\" rel=\"304fc7109dc7e19c4b5a5242533647c9\">\n                <img\n                    title=\"005\"\n                    alt=\"005\"\n                    src=\"http:\/\/htcformosa.gob.ar\/wp-content\/gallery\/28mar2025presctaanual\/thumbs\/thumbs_005.jpeg\"\n                    width=\"240\"\n                    height=\"160\"\n                    style=\"max-width:100%;\"\n                \/>\n            <\/a>\n        <\/div>\n\t\t\t\t\t\t\t<\/div> \n\t\t\t\n\t\t\t\t<div id=\"ngg-image-2\" class=\"ngg-gallery-thumbnail-box ngg-2-columns\" >\n\t\t\t\t        <div class=\"ngg-gallery-thumbnail\">\n            <a href=\"http:\/\/htcformosa.gob.ar\/wp-content\/gallery\/28mar2025presctaanual\/003.jpeg\"\n               title=\"\"\n               data-src=\"http:\/\/htcformosa.gob.ar\/wp-content\/gallery\/28mar2025presctaanual\/003.jpeg\"\n               data-thumbnail=\"http:\/\/htcformosa.gob.ar\/wp-content\/gallery\/28mar2025presctaanual\/thumbs\/thumbs_003.jpeg\"\n               data-image-id=\"1315\"\n               data-title=\"003\"\n               data-description=\"\"\n               data-image-slug=\"003-5\"\n               class=\"ngg-simplelightbox\" rel=\"304fc7109dc7e19c4b5a5242533647c9\">\n                <img\n                    title=\"003\"\n                    alt=\"003\"\n                    src=\"http:\/\/htcformosa.gob.ar\/wp-content\/gallery\/28mar2025presctaanual\/thumbs\/thumbs_003.jpeg\"\n                    width=\"240\"\n                    height=\"160\"\n                    style=\"max-width:100%;\"\n                \/>\n            <\/a>\n        <\/div>\n\t\t\t\t\t\t\t<\/div> \n\t\t\t\n\t\t\t\t<div id=\"ngg-image-3\" class=\"ngg-gallery-thumbnail-box ngg-2-columns\" >\n\t\t\t\t        <div class=\"ngg-gallery-thumbnail\">\n            <a href=\"http:\/\/htcformosa.gob.ar\/wp-content\/gallery\/28mar2025presctaanual\/004.jpeg\"\n               title=\"\"\n               data-src=\"http:\/\/htcformosa.gob.ar\/wp-content\/gallery\/28mar2025presctaanual\/004.jpeg\"\n               data-thumbnail=\"http:\/\/htcformosa.gob.ar\/wp-content\/gallery\/28mar2025presctaanual\/thumbs\/thumbs_004.jpeg\"\n               data-image-id=\"1316\"\n               data-title=\"004\"\n               data-description=\"\"\n               data-image-slug=\"004-5\"\n               class=\"ngg-simplelightbox\" rel=\"304fc7109dc7e19c4b5a5242533647c9\">\n                <img\n                    title=\"004\"\n                    alt=\"004\"\n                    src=\"http:\/\/htcformosa.gob.ar\/wp-content\/gallery\/28mar2025presctaanual\/thumbs\/thumbs_004.jpeg\"\n                    width=\"240\"\n                    height=\"160\"\n                    style=\"max-width:100%;\"\n                \/>\n            <\/a>\n        <\/div>\n\t\t\t\t\t\t\t<\/div> \n\t\t\t\n\t\t\t\t<div id=\"ngg-image-4\" class=\"ngg-gallery-thumbnail-box ngg-2-columns\" >\n\t\t\t\t        <div class=\"ngg-gallery-thumbnail\">\n            <a href=\"http:\/\/htcformosa.gob.ar\/wp-content\/gallery\/28mar2025presctaanual\/002.jpeg\"\n               title=\"\"\n               data-src=\"http:\/\/htcformosa.gob.ar\/wp-content\/gallery\/28mar2025presctaanual\/002.jpeg\"\n               data-thumbnail=\"http:\/\/htcformosa.gob.ar\/wp-content\/gallery\/28mar2025presctaanual\/thumbs\/thumbs_002.jpeg\"\n               data-image-id=\"1317\"\n               data-title=\"002\"\n               data-description=\"\"\n               data-image-slug=\"002-5\"\n               class=\"ngg-simplelightbox\" rel=\"304fc7109dc7e19c4b5a5242533647c9\">\n                <img\n                    title=\"002\"\n                    alt=\"002\"\n                    src=\"http:\/\/htcformosa.gob.ar\/wp-content\/gallery\/28mar2025presctaanual\/thumbs\/thumbs_002.jpeg\"\n                    width=\"240\"\n                    height=\"160\"\n                    style=\"max-width:100%;\"\n                \/>\n            <\/a>\n        <\/div>\n\t\t\t\t\t\t\t<\/div> \n\t\t\t\n\t\n\t<br style=\"clear: both\" \/>\n\n\t\n\t\t<!-- Pagination -->\n\t<div class='ngg-clear'><\/div>\t<\/div>\n<\/li>\n<\/ul>\n","protected":false},"excerpt":{"rendered":"<p>En cumplimiento del Art. 03 inc. A del Acuerdo N\u00b0 38.300, representantes de distintos organismos realizaron en el d\u00eda de la fecha la presentaci\u00f3n de la Cuenta Anual 2024 ante los respectivos Delegados Fiscales, aclarando que dichos organismos se encuentran bajo el control de la Vocal\u00eda \u201cA\u201d del Honorable Tribunal de Cuentas. Las presentaciones fueron &hellip; <\/p>\n<p class=\"link-more\"><a href=\"http:\/\/www.htcformosa.gob.ar\/?p=6868\" class=\"more-link\">Continuar leyendo<span class=\"screen-reader-text\"> \u00abPresentaci\u00f3n Cuenta Anual\u00bb<\/span><\/a><\/p>\n","protected":false},"author":12,"featured_media":0,"comment_status":"closed","ping_status":"closed","sticky":false,"template":"","format":"standard","meta":{"ngg_post_thumbnail":0},"categories":[1],"tags":[],"_links":{"self":[{"href":"http:\/\/www.htcformosa.gob.ar\/index.php?rest_route=\/wp\/v2\/posts\/6868"}],"collection":[{"href":"http:\/\/www.htcformosa.gob.ar\/index.php?rest_route=\/wp\/v2\/posts"}],"about":[{"href":"http:\/\/www.htcformosa.gob.ar\/index.php?rest_route=\/wp\/v2\/types\/post"}],"author":[{"embeddable":true,"href":"http:\/\/www.htcformosa.gob.ar\/index.php?rest_route=\/wp\/v2\/users\/12"}],"replies":[{"embeddable":true,"href":"http:\/\/www.htcformosa.gob.ar\/index.php?rest_route=%2Fwp%2Fv2%2Fcomments&post=6868"}],"version-history":[{"count":1,"href":"http:\/\/www.htcformosa.gob.ar\/index.php?rest_route=\/wp\/v2\/posts\/6868\/revisions"}],"predecessor-version":[{"id":6869,"href":"http:\/\/www.htcformosa.gob.ar\/index.php?rest_route=\/wp\/v2\/posts\/6868\/revisions\/6869"}],"wp:attachment":[{"href":"http:\/\/www.htcformosa.gob.ar\/index.php?rest_route=%2Fwp%2Fv2%2Fmedia&parent=6868"}],"wp:term":[{"taxonomy":"category","embeddable":true,"href":"http:\/\/www.htcformosa.gob.ar\/index.php?rest_route=%2Fwp%2Fv2%2Fcategories&post=6868"},{"taxonomy":"post_tag","embeddable":true,"href":"http:\/\/www.htcformosa.gob.ar\/index.php?rest_route=%2Fwp%2Fv2%2Ftags&post=6868"}],"curies":[{"name":"wp","href":"https:\/\/api.w.org\/{rel}","templated":true}]}}