{"id":7215,"date":"2025-06-12T15:46:29","date_gmt":"2025-06-12T15:46:29","guid":{"rendered":"http:\/\/www.htcformosa.gob.ar\/?p=7215"},"modified":"2025-06-12T15:46:29","modified_gmt":"2025-06-12T15:46:29","slug":"el-tribunal-de-cuentas-de-formosa-avanza-con-la-transformacion-digital-consolidada-por-el-acuerdo-38-300","status":"publish","type":"post","link":"http:\/\/www.htcformosa.gob.ar\/?p=7215","title":{"rendered":"El Tribunal de Cuentas de Formosa avanza con la Transformaci\u00f3n Digital consolidada por el  Acuerdo 38.300"},"content":{"rendered":"<p style=\"text-align: justify;\">El Honorable Tribunal de Cuentas de la Provincia de Formosa, integrado por la Presidente Dra. Myriam Radrizani, y Vocales Cdr. Andr\u00e9s Ben\u00edtez y Cdra. Agustina Schiavoni, ha llevado adelante entre 2020 y 2024 una profunda transformaci\u00f3n digital que moderniza su gesti\u00f3n y fortalece el control p\u00fablico.<\/p>\n<p style=\"text-align: justify;\">En diciembre de 2023, se dicta el ACUERDO N\u00b0 38.300, que reglament\u00f3 los cambio que introdujo la Ley 1694 a la carta org\u00e1nica del Tribunal, y adem\u00e1s marc\u00f3 el punto de partida de un proceso integral de informatizaci\u00f3n que permiti\u00f3 consolidar herramientas tecnol\u00f3gicas para optimizar las funciones de control externo.<\/p>\n<p><img loading=\"lazy\" class=\"alignnone size-full wp-image-7220\" src=\"http:\/\/htcformosa.gob.ar\/wp-content\/uploads\/2025\/06\/Imagen-de-WhatsApp-2025-06-12-a-las-12.39.19_72c4a230.jpg\" alt=\"\" width=\"1280\" height=\"1600\" srcset=\"http:\/\/htcformosa.gob.ar\/wp-content\/uploads\/2025\/06\/Imagen-de-WhatsApp-2025-06-12-a-las-12.39.19_72c4a230.jpg 1280w, http:\/\/htcformosa.gob.ar\/wp-content\/uploads\/2025\/06\/Imagen-de-WhatsApp-2025-06-12-a-las-12.39.19_72c4a230-240x300.jpg 240w, http:\/\/htcformosa.gob.ar\/wp-content\/uploads\/2025\/06\/Imagen-de-WhatsApp-2025-06-12-a-las-12.39.19_72c4a230-819x1024.jpg 819w, http:\/\/htcformosa.gob.ar\/wp-content\/uploads\/2025\/06\/Imagen-de-WhatsApp-2025-06-12-a-las-12.39.19_72c4a230-768x960.jpg 768w, http:\/\/htcformosa.gob.ar\/wp-content\/uploads\/2025\/06\/Imagen-de-WhatsApp-2025-06-12-a-las-12.39.19_72c4a230-1229x1536.jpg 1229w\" sizes=\"(max-width: 767px) 89vw, (max-width: 1000px) 54vw, (max-width: 1071px) 543px, 580px\" \/><\/p>\n<p style=\"text-align: justify;\">La transformaci\u00f3n incluy\u00f3 la incorporaci\u00f3n de personal t\u00e9cnico especializado, inversiones en infraestructura y la creaci\u00f3n del Plan General de Sistema (PGS), que defini\u00f3 la hoja de ruta para la digitalizaci\u00f3n institucional.<\/p>\n<p>Entre las principales herramientas impulsadas a partir del ACUERDO N\u00b0 38.300 se destaca, el sistema de declaraciones juradas de denuncia y constituci\u00f3n domicilio, que posibilita la comunicaci\u00f3n entre el Tribunal y los responsables de los organismos y municipios fiscalizados, lo que importa un gran avance en la economicidad de recursos e inmediatez en las notificaciones cursadas desde el organismo de control.<\/p>\n<p style=\"text-align: justify;\">Al cierre de 2024, m\u00e1s del 95% de los responsables ya hab\u00edan adherido al sistema.<\/p>\n<p><img loading=\"lazy\" class=\"alignnone size-full wp-image-7221\" src=\"http:\/\/htcformosa.gob.ar\/wp-content\/uploads\/2025\/06\/Imagen-de-WhatsApp-2025-06-12-a-las-12.39.20_e055219f.jpg\" alt=\"\" width=\"1280\" height=\"1600\" srcset=\"http:\/\/htcformosa.gob.ar\/wp-content\/uploads\/2025\/06\/Imagen-de-WhatsApp-2025-06-12-a-las-12.39.20_e055219f.jpg 1280w, http:\/\/htcformosa.gob.ar\/wp-content\/uploads\/2025\/06\/Imagen-de-WhatsApp-2025-06-12-a-las-12.39.20_e055219f-240x300.jpg 240w, http:\/\/htcformosa.gob.ar\/wp-content\/uploads\/2025\/06\/Imagen-de-WhatsApp-2025-06-12-a-las-12.39.20_e055219f-819x1024.jpg 819w, http:\/\/htcformosa.gob.ar\/wp-content\/uploads\/2025\/06\/Imagen-de-WhatsApp-2025-06-12-a-las-12.39.20_e055219f-768x960.jpg 768w, http:\/\/htcformosa.gob.ar\/wp-content\/uploads\/2025\/06\/Imagen-de-WhatsApp-2025-06-12-a-las-12.39.20_e055219f-1229x1536.jpg 1229w\" sizes=\"(max-width: 767px) 89vw, (max-width: 1000px) 54vw, (max-width: 1071px) 543px, 580px\" \/><\/p>\n<p style=\"text-align: justify;\">Por su parte, el proceso de digitalizaci\u00f3n cuenta con usuarios internos y externos que utilizan las herramientas propuestas y cuyos datos demuestran un alto nivel de interacci\u00f3n y utilidad en las tareas de control.<\/p>\n<p><img loading=\"lazy\" class=\"alignnone size-full wp-image-7222\" src=\"http:\/\/htcformosa.gob.ar\/wp-content\/uploads\/2025\/06\/Imagen-de-WhatsApp-2025-06-12-a-las-12.39.20_eb421102.jpg\" alt=\"\" width=\"1280\" height=\"1600\" srcset=\"http:\/\/htcformosa.gob.ar\/wp-content\/uploads\/2025\/06\/Imagen-de-WhatsApp-2025-06-12-a-las-12.39.20_eb421102.jpg 1280w, http:\/\/htcformosa.gob.ar\/wp-content\/uploads\/2025\/06\/Imagen-de-WhatsApp-2025-06-12-a-las-12.39.20_eb421102-240x300.jpg 240w, http:\/\/htcformosa.gob.ar\/wp-content\/uploads\/2025\/06\/Imagen-de-WhatsApp-2025-06-12-a-las-12.39.20_eb421102-819x1024.jpg 819w, http:\/\/htcformosa.gob.ar\/wp-content\/uploads\/2025\/06\/Imagen-de-WhatsApp-2025-06-12-a-las-12.39.20_eb421102-768x960.jpg 768w, http:\/\/htcformosa.gob.ar\/wp-content\/uploads\/2025\/06\/Imagen-de-WhatsApp-2025-06-12-a-las-12.39.20_eb421102-1229x1536.jpg 1229w\" sizes=\"(max-width: 767px) 89vw, (max-width: 1000px) 54vw, (max-width: 1071px) 543px, 580px\" \/><\/p>\n<p style=\"text-align: justify;\">Con los avances reflejados, a partir del ACUERDO N\u00b0 38.300 el Tribunal de Cuentas de la Provincia de Formosa, se consolida como un organismo de vanguardia en la modernizaci\u00f3n de la administraci\u00f3n p\u00fablica, alineado con las demandas de un Estado eficiente, transparente y tecnol\u00f3gicamente avanzado.<\/p>\n<p>&nbsp;<\/p>\n<p>&nbsp;<\/p>\n<p>&nbsp;<\/p>\n","protected":false},"excerpt":{"rendered":"<p>El Honorable Tribunal de Cuentas de la Provincia de Formosa, integrado por la Presidente Dra. Myriam Radrizani, y Vocales Cdr. Andr\u00e9s Ben\u00edtez y Cdra. Agustina Schiavoni, ha llevado adelante entre 2020 y 2024 una profunda transformaci\u00f3n digital que moderniza su gesti\u00f3n y fortalece el control p\u00fablico. En diciembre de 2023, se dicta el ACUERDO N\u00b0 &hellip; <\/p>\n<p class=\"link-more\"><a href=\"http:\/\/www.htcformosa.gob.ar\/?p=7215\" class=\"more-link\">Continuar leyendo<span class=\"screen-reader-text\"> \u00abEl Tribunal de Cuentas de Formosa avanza con la Transformaci\u00f3n Digital consolidada por el  Acuerdo 38.300\u00bb<\/span><\/a><\/p>\n","protected":false},"author":12,"featured_media":0,"comment_status":"closed","ping_status":"closed","sticky":false,"template":"","format":"standard","meta":{"ngg_post_thumbnail":0},"categories":[1],"tags":[],"_links":{"self":[{"href":"http:\/\/www.htcformosa.gob.ar\/index.php?rest_route=\/wp\/v2\/posts\/7215"}],"collection":[{"href":"http:\/\/www.htcformosa.gob.ar\/index.php?rest_route=\/wp\/v2\/posts"}],"about":[{"href":"http:\/\/www.htcformosa.gob.ar\/index.php?rest_route=\/wp\/v2\/types\/post"}],"author":[{"embeddable":true,"href":"http:\/\/www.htcformosa.gob.ar\/index.php?rest_route=\/wp\/v2\/users\/12"}],"replies":[{"embeddable":true,"href":"http:\/\/www.htcformosa.gob.ar\/index.php?rest_route=%2Fwp%2Fv2%2Fcomments&post=7215"}],"version-history":[{"count":2,"href":"http:\/\/www.htcformosa.gob.ar\/index.php?rest_route=\/wp\/v2\/posts\/7215\/revisions"}],"predecessor-version":[{"id":7223,"href":"http:\/\/www.htcformosa.gob.ar\/index.php?rest_route=\/wp\/v2\/posts\/7215\/revisions\/7223"}],"wp:attachment":[{"href":"http:\/\/www.htcformosa.gob.ar\/index.php?rest_route=%2Fwp%2Fv2%2Fmedia&parent=7215"}],"wp:term":[{"taxonomy":"category","embeddable":true,"href":"http:\/\/www.htcformosa.gob.ar\/index.php?rest_route=%2Fwp%2Fv2%2Fcategories&post=7215"},{"taxonomy":"post_tag","embeddable":true,"href":"http:\/\/www.htcformosa.gob.ar\/index.php?rest_route=%2Fwp%2Fv2%2Ftags&post=7215"}],"curies":[{"name":"wp","href":"https:\/\/api.w.org\/{rel}","templated":true}]}}