{"id":7661,"date":"2025-12-05T14:18:15","date_gmt":"2025-12-05T14:18:15","guid":{"rendered":"http:\/\/www.htcformosa.gob.ar\/?p=7661"},"modified":"2025-12-12T14:19:42","modified_gmt":"2025-12-12T14:19:42","slug":"iv-congreso-internacional-de-los-tribunales-de-cuentas-citc-florianopolis-santa-catarina-brasil","status":"publish","type":"post","link":"http:\/\/www.htcformosa.gob.ar\/?p=7661","title":{"rendered":"IV Congreso Internacional de los Tribunales de Cuentas (CITC) \u2013 Florian\u00f3polis, Santa Catarina (Brasil)"},"content":{"rendered":"<p style=\"text-align: justify;\">En el marco del IV CITC, la presidenta Pro Tempore de la ASUR \u2013 MERCOSUR, Dra. Myriam Radrizani, particip\u00f3 del encuentro en representaci\u00f3n de Brasil, Paraguay y Argentina.<\/p>\n<p style=\"text-align: justify;\">La acompa\u00f1\u00f3 la titular de la Vocal\u00eda \u201cB\u201d, Dra. Agustina Schiavoni.<br \/>\nEl Congreso reuni\u00f3 a autoridades y especialistas para fortalecer las pr\u00e1cticas de control y fiscalizaci\u00f3n de los recursos p\u00fablicos, promoviendo una gesti\u00f3n transparente, \u00edntegra y orientada a la dignidad humana.<\/p>\n<div style=\"width: 480px;\" class=\"wp-video\"><!--[if lt IE 9]><script>document.createElement('video');<\/script><![endif]-->\n<video class=\"wp-video-shortcode\" id=\"video-7661-1\" width=\"480\" height=\"848\" preload=\"none\" controls=\"controls\"><source type=\"video\/mp4\" src=\"http:\/\/htcformosa.gob.ar\/wp-content\/uploads\/2025\/12\/asur.mp4?_=1\" \/><a href=\"http:\/\/htcformosa.gob.ar\/wp-content\/uploads\/2025\/12\/asur.mp4\">http:\/\/htcformosa.gob.ar\/wp-content\/uploads\/2025\/12\/asur.mp4<\/a><\/video><\/div>\n","protected":false},"excerpt":{"rendered":"<p>En el marco del IV CITC, la presidenta Pro Tempore de la ASUR \u2013 MERCOSUR, Dra. Myriam Radrizani, particip\u00f3 del encuentro en representaci\u00f3n de Brasil, Paraguay y Argentina. La acompa\u00f1\u00f3 la titular de la Vocal\u00eda \u201cB\u201d, Dra. Agustina Schiavoni. El Congreso reuni\u00f3 a autoridades y especialistas para fortalecer las pr\u00e1cticas de control y fiscalizaci\u00f3n de &hellip; <\/p>\n<p class=\"link-more\"><a href=\"http:\/\/www.htcformosa.gob.ar\/?p=7661\" class=\"more-link\">Continuar leyendo<span class=\"screen-reader-text\"> \u00abIV Congreso Internacional de los Tribunales de Cuentas (CITC) \u2013 Florian\u00f3polis, Santa Catarina (Brasil)\u00bb<\/span><\/a><\/p>\n","protected":false},"author":12,"featured_media":0,"comment_status":"closed","ping_status":"closed","sticky":false,"template":"","format":"standard","meta":{"ngg_post_thumbnail":0},"categories":[1],"tags":[],"_links":{"self":[{"href":"http:\/\/www.htcformosa.gob.ar\/index.php?rest_route=\/wp\/v2\/posts\/7661"}],"collection":[{"href":"http:\/\/www.htcformosa.gob.ar\/index.php?rest_route=\/wp\/v2\/posts"}],"about":[{"href":"http:\/\/www.htcformosa.gob.ar\/index.php?rest_route=\/wp\/v2\/types\/post"}],"author":[{"embeddable":true,"href":"http:\/\/www.htcformosa.gob.ar\/index.php?rest_route=\/wp\/v2\/users\/12"}],"replies":[{"embeddable":true,"href":"http:\/\/www.htcformosa.gob.ar\/index.php?rest_route=%2Fwp%2Fv2%2Fcomments&post=7661"}],"version-history":[{"count":1,"href":"http:\/\/www.htcformosa.gob.ar\/index.php?rest_route=\/wp\/v2\/posts\/7661\/revisions"}],"predecessor-version":[{"id":7663,"href":"http:\/\/www.htcformosa.gob.ar\/index.php?rest_route=\/wp\/v2\/posts\/7661\/revisions\/7663"}],"wp:attachment":[{"href":"http:\/\/www.htcformosa.gob.ar\/index.php?rest_route=%2Fwp%2Fv2%2Fmedia&parent=7661"}],"wp:term":[{"taxonomy":"category","embeddable":true,"href":"http:\/\/www.htcformosa.gob.ar\/index.php?rest_route=%2Fwp%2Fv2%2Fcategories&post=7661"},{"taxonomy":"post_tag","embeddable":true,"href":"http:\/\/www.htcformosa.gob.ar\/index.php?rest_route=%2Fwp%2Fv2%2Ftags&post=7661"}],"curies":[{"name":"wp","href":"https:\/\/api.w.org\/{rel}","templated":true}]}}