{"id":7705,"date":"2025-11-26T14:33:23","date_gmt":"2025-11-26T14:33:23","guid":{"rendered":"http:\/\/www.htcformosa.gob.ar\/?p=7705"},"modified":"2025-12-12T14:34:52","modified_gmt":"2025-12-12T14:34:52","slug":"capacitacion-internacional-en-innovacion-y-control","status":"publish","type":"post","link":"http:\/\/www.htcformosa.gob.ar\/?p=7705","title":{"rendered":"Capacitaci\u00f3n Internacional en Innovaci\u00f3n y Control"},"content":{"rendered":"<p style=\"text-align: justify;\">Personal de todas las \u00e1reas del Tribunal de Cuentas de Formosa particip\u00f3 de la jornada \u201cConversathon \u2013 Or\u00e1culos Algor\u00edtmicos aplicados al Control: Herramientas de Aplicabilidad Datol\u00f3gica\u201d, un espacio de formaci\u00f3n sobre inteligencia artificial, or\u00e1culos algor\u00edtmicos y nuevas herramientas para el control gubernamental.<\/p>\n<p style=\"text-align: justify;\">La capacitaci\u00f3n cont\u00f3 con destacados expositores nacionales e internacionales:<\/p>\n<p style=\"text-align: justify;\">ARG &#8211; Cintia Onetto \u2013 Tribunal de Cuentas de Mendoza<br \/>\nTema: Fallando con la IA en Reserva de Humanidad<\/p>\n<p style=\"text-align: justify;\">BRA &#8211;&nbsp; F\u00e1bio Correa Xavier \u2013 Tribunal de Contas do Estado de S\u00e3o Paulo<br \/>\nTema: IA: Desaf\u00edos y oportunidades para el control externo<\/p>\n<p style=\"text-align: justify;\">ARG &#8211; Daniela Celentano &amp; Magal\u00ed Sobrado \u2013 Innovaci\u00f3n y Tecnolog\u00eda, Escribanos CABA<br \/>\nTema: Or\u00e1culos y Validadores: tecnolog\u00eda con reserva de humanidad<\/p>\n<p>ESP &#8211; Marcos Allende Lopez \u2013 Blerify<br \/>\nTema: Procesamiento de Datos en Modo Cu\u00e1ntico<\/p>\n<p>Estos encuentros fortalecen nuestras competencias t\u00e9cnicas y nos permiten seguir incorporando herramientas de innovaci\u00f3n para mejorar la calidad del control gubernamental.<\/p>\n<p><img loading=\"lazy\" class=\"alignnone size-full wp-image-7706\" src=\"http:\/\/htcformosa.gob.ar\/wp-content\/uploads\/2025\/12\/001-1.jpg\" alt=\"\" width=\"1080\" height=\"1350\" srcset=\"http:\/\/htcformosa.gob.ar\/wp-content\/uploads\/2025\/12\/001-1.jpg 1080w, http:\/\/htcformosa.gob.ar\/wp-content\/uploads\/2025\/12\/001-1-240x300.jpg 240w, http:\/\/htcformosa.gob.ar\/wp-content\/uploads\/2025\/12\/001-1-819x1024.jpg 819w, http:\/\/htcformosa.gob.ar\/wp-content\/uploads\/2025\/12\/001-1-768x960.jpg 768w\" sizes=\"(max-width: 767px) 89vw, (max-width: 1000px) 54vw, (max-width: 1071px) 543px, 580px\" \/> <img loading=\"lazy\" class=\"alignnone size-full wp-image-7707\" src=\"http:\/\/htcformosa.gob.ar\/wp-content\/uploads\/2025\/12\/001-3.jpg\" alt=\"\" width=\"1080\" height=\"1350\" srcset=\"http:\/\/htcformosa.gob.ar\/wp-content\/uploads\/2025\/12\/001-3.jpg 1080w, http:\/\/htcformosa.gob.ar\/wp-content\/uploads\/2025\/12\/001-3-240x300.jpg 240w, http:\/\/htcformosa.gob.ar\/wp-content\/uploads\/2025\/12\/001-3-819x1024.jpg 819w, http:\/\/htcformosa.gob.ar\/wp-content\/uploads\/2025\/12\/001-3-768x960.jpg 768w\" sizes=\"(max-width: 767px) 89vw, (max-width: 1000px) 54vw, (max-width: 1071px) 543px, 580px\" \/> <img loading=\"lazy\" class=\"alignnone size-full wp-image-7708\" src=\"http:\/\/htcformosa.gob.ar\/wp-content\/uploads\/2025\/12\/001-2.jpg\" alt=\"\" width=\"1080\" height=\"1350\" srcset=\"http:\/\/htcformosa.gob.ar\/wp-content\/uploads\/2025\/12\/001-2.jpg 1080w, http:\/\/htcformosa.gob.ar\/wp-content\/uploads\/2025\/12\/001-2-240x300.jpg 240w, http:\/\/htcformosa.gob.ar\/wp-content\/uploads\/2025\/12\/001-2-819x1024.jpg 819w, http:\/\/htcformosa.gob.ar\/wp-content\/uploads\/2025\/12\/001-2-768x960.jpg 768w\" sizes=\"(max-width: 767px) 89vw, (max-width: 1000px) 54vw, (max-width: 1071px) 543px, 580px\" \/><\/p>\n","protected":false},"excerpt":{"rendered":"<p>Personal de todas las \u00e1reas del Tribunal de Cuentas de Formosa particip\u00f3 de la jornada \u201cConversathon \u2013 Or\u00e1culos Algor\u00edtmicos aplicados al Control: Herramientas de Aplicabilidad Datol\u00f3gica\u201d, un espacio de formaci\u00f3n sobre inteligencia artificial, or\u00e1culos algor\u00edtmicos y nuevas herramientas para el control gubernamental. La capacitaci\u00f3n cont\u00f3 con destacados expositores nacionales e internacionales: ARG &#8211; Cintia Onetto &hellip; <\/p>\n<p class=\"link-more\"><a href=\"http:\/\/www.htcformosa.gob.ar\/?p=7705\" class=\"more-link\">Continuar leyendo<span class=\"screen-reader-text\"> \u00abCapacitaci\u00f3n Internacional en Innovaci\u00f3n y Control\u00bb<\/span><\/a><\/p>\n","protected":false},"author":12,"featured_media":0,"comment_status":"closed","ping_status":"closed","sticky":false,"template":"","format":"standard","meta":{"ngg_post_thumbnail":0},"categories":[1],"tags":[],"_links":{"self":[{"href":"http:\/\/www.htcformosa.gob.ar\/index.php?rest_route=\/wp\/v2\/posts\/7705"}],"collection":[{"href":"http:\/\/www.htcformosa.gob.ar\/index.php?rest_route=\/wp\/v2\/posts"}],"about":[{"href":"http:\/\/www.htcformosa.gob.ar\/index.php?rest_route=\/wp\/v2\/types\/post"}],"author":[{"embeddable":true,"href":"http:\/\/www.htcformosa.gob.ar\/index.php?rest_route=\/wp\/v2\/users\/12"}],"replies":[{"embeddable":true,"href":"http:\/\/www.htcformosa.gob.ar\/index.php?rest_route=%2Fwp%2Fv2%2Fcomments&post=7705"}],"version-history":[{"count":1,"href":"http:\/\/www.htcformosa.gob.ar\/index.php?rest_route=\/wp\/v2\/posts\/7705\/revisions"}],"predecessor-version":[{"id":7709,"href":"http:\/\/www.htcformosa.gob.ar\/index.php?rest_route=\/wp\/v2\/posts\/7705\/revisions\/7709"}],"wp:attachment":[{"href":"http:\/\/www.htcformosa.gob.ar\/index.php?rest_route=%2Fwp%2Fv2%2Fmedia&parent=7705"}],"wp:term":[{"taxonomy":"category","embeddable":true,"href":"http:\/\/www.htcformosa.gob.ar\/index.php?rest_route=%2Fwp%2Fv2%2Fcategories&post=7705"},{"taxonomy":"post_tag","embeddable":true,"href":"http:\/\/www.htcformosa.gob.ar\/index.php?rest_route=%2Fwp%2Fv2%2Ftags&post=7705"}],"curies":[{"name":"wp","href":"https:\/\/api.w.org\/{rel}","templated":true}]}}