{"id":7788,"date":"2026-03-02T15:31:34","date_gmt":"2026-03-02T15:31:34","guid":{"rendered":"http:\/\/www.htcformosa.gob.ar\/?p=7788"},"modified":"2026-03-09T15:32:33","modified_gmt":"2026-03-09T15:32:33","slug":"apertura-del-53o-periodo-de-sesiones-ordinarias","status":"publish","type":"post","link":"http:\/\/www.htcformosa.gob.ar\/?p=7788","title":{"rendered":"Apertura del 53\u00ba Per\u00edodo de Sesiones Ordinarias"},"content":{"rendered":"<p style=\"text-align: justify;\">El Gobernador de la Provincia, Dr. Gildo Insfr\u00e1n, presidi\u00f3 el acto de Apertura del 53\u00ba Per\u00edodo de Sesiones Ordinarias de la Legislatura de la Provincia de Formosa, realizado el 1 de marzo.<\/p>\n<p style=\"text-align: justify;\">Estuvieron presentes los Miembros del Tribunal de Cuentas de la Provincia de Formosa: la Presidenta, Dra. Myriam Esther Radrizani; la Dra. C.P. Agustina Roxana Schiavoni, titular de la Vocal\u00eda \u201cB\u201d; y el Dr. C.P. Andr\u00e9s Pablo Ben\u00edtez, titular de la Vocal\u00eda \u201cA\u201d.<\/p>\n<!-- default-view.php -->\n<div\n\tclass=\"ngg-galleryoverview default-view \"\n\tid=\"ngg-gallery-efd703e039ab20da8f3adcb8305738d6-1\">\n\n\t\t<!-- Thumbnails -->\n\t\t\t\t<div id=\"ngg-image-0\" class=\"ngg-gallery-thumbnail-box ngg-2-columns\" >\n\t\t\t\t        <div class=\"ngg-gallery-thumbnail\">\n            <a href=\"http:\/\/htcformosa.gob.ar\/wp-content\/gallery\/apertura-del-53o-periodo-de-sesiones-ordinarias\/Apertura-del-53o-Periodo-de-Sesiones-OrdinariasEl-Gobernador-de-la-Provincia-Dr.-Gildo-Insfran-1.jpg\"\n               title=\"\"\n               data-src=\"http:\/\/htcformosa.gob.ar\/wp-content\/gallery\/apertura-del-53o-periodo-de-sesiones-ordinarias\/Apertura-del-53o-Periodo-de-Sesiones-OrdinariasEl-Gobernador-de-la-Provincia-Dr.-Gildo-Insfran-1.jpg\"\n               data-thumbnail=\"http:\/\/htcformosa.gob.ar\/wp-content\/gallery\/apertura-del-53o-periodo-de-sesiones-ordinarias\/thumbs\/thumbs_Apertura-del-53o-Periodo-de-Sesiones-OrdinariasEl-Gobernador-de-la-Provincia-Dr.-Gildo-Insfran-1.jpg\"\n               data-image-id=\"1539\"\n               data-title=\"Apertura-del-53o-Periodo-de-Sesiones-OrdinariasEl-Gobernador-de-la-Provincia-Dr.-Gildo-Insfran-1\"\n               data-description=\"\"\n               data-image-slug=\"apertura-del-53o-periodo-de-sesiones-ordinariasel-gobernador-de-la-provincia-dr-gildo-insfran-1\"\n               class=\"ngg-simplelightbox\" rel=\"efd703e039ab20da8f3adcb8305738d6\">\n                <img\n                    title=\"Apertura-del-53o-Periodo-de-Sesiones-OrdinariasEl-Gobernador-de-la-Provincia-Dr.-Gildo-Insfran-1\"\n                    alt=\"Apertura-del-53o-Periodo-de-Sesiones-OrdinariasEl-Gobernador-de-la-Provincia-Dr.-Gildo-Insfran-1\"\n                    src=\"http:\/\/htcformosa.gob.ar\/wp-content\/gallery\/apertura-del-53o-periodo-de-sesiones-ordinarias\/thumbs\/thumbs_Apertura-del-53o-Periodo-de-Sesiones-OrdinariasEl-Gobernador-de-la-Provincia-Dr.-Gildo-Insfran-1.jpg\"\n                    width=\"240\"\n                    height=\"160\"\n                    style=\"max-width:100%;\"\n                \/>\n            <\/a>\n        <\/div>\n\t\t\t\t\t\t\t<\/div> \n\t\t\t\n\t\t\t\t<div id=\"ngg-image-1\" class=\"ngg-gallery-thumbnail-box ngg-2-columns\" >\n\t\t\t\t        <div class=\"ngg-gallery-thumbnail\">\n            <a href=\"http:\/\/htcformosa.gob.ar\/wp-content\/gallery\/apertura-del-53o-periodo-de-sesiones-ordinarias\/Apertura-del-53o-Periodo-de-Sesiones-OrdinariasEl-Gobernador-de-la-Provincia-Dr.-Gildo-Insfran.jpg\"\n               title=\"\"\n               data-src=\"http:\/\/htcformosa.gob.ar\/wp-content\/gallery\/apertura-del-53o-periodo-de-sesiones-ordinarias\/Apertura-del-53o-Periodo-de-Sesiones-OrdinariasEl-Gobernador-de-la-Provincia-Dr.-Gildo-Insfran.jpg\"\n               data-thumbnail=\"http:\/\/htcformosa.gob.ar\/wp-content\/gallery\/apertura-del-53o-periodo-de-sesiones-ordinarias\/thumbs\/thumbs_Apertura-del-53o-Periodo-de-Sesiones-OrdinariasEl-Gobernador-de-la-Provincia-Dr.-Gildo-Insfran.jpg\"\n               data-image-id=\"1540\"\n               data-title=\"Apertura-del-53o-Periodo-de-Sesiones-OrdinariasEl-Gobernador-de-la-Provincia-Dr.-Gildo-Insfran\"\n               data-description=\"\"\n               data-image-slug=\"apertura-del-53o-periodo-de-sesiones-ordinariasel-gobernador-de-la-provincia-dr-gildo-insfran-2\"\n               class=\"ngg-simplelightbox\" rel=\"efd703e039ab20da8f3adcb8305738d6\">\n                <img\n                    title=\"Apertura-del-53o-Periodo-de-Sesiones-OrdinariasEl-Gobernador-de-la-Provincia-Dr.-Gildo-Insfran\"\n                    alt=\"Apertura-del-53o-Periodo-de-Sesiones-OrdinariasEl-Gobernador-de-la-Provincia-Dr.-Gildo-Insfran\"\n                    src=\"http:\/\/htcformosa.gob.ar\/wp-content\/gallery\/apertura-del-53o-periodo-de-sesiones-ordinarias\/thumbs\/thumbs_Apertura-del-53o-Periodo-de-Sesiones-OrdinariasEl-Gobernador-de-la-Provincia-Dr.-Gildo-Insfran.jpg\"\n                    width=\"240\"\n                    height=\"160\"\n                    style=\"max-width:100%;\"\n                \/>\n            <\/a>\n        <\/div>\n\t\t\t\t\t\t\t<\/div> \n\t\t\t\n\t\n\t<br style=\"clear: both\" \/>\n\n\t\n\t\t<!-- Pagination -->\n\t<div class='ngg-clear'><\/div>\t<\/div>\n\n","protected":false},"excerpt":{"rendered":"<p>El Gobernador de la Provincia, Dr. Gildo Insfr\u00e1n, presidi\u00f3 el acto de Apertura del 53\u00ba Per\u00edodo de Sesiones Ordinarias de la Legislatura de la Provincia de Formosa, realizado el 1 de marzo. Estuvieron presentes los Miembros del Tribunal de Cuentas de la Provincia de Formosa: la Presidenta, Dra. Myriam Esther Radrizani; la Dra. C.P. Agustina &hellip; <\/p>\n<p class=\"link-more\"><a href=\"http:\/\/www.htcformosa.gob.ar\/?p=7788\" class=\"more-link\">Continuar leyendo<span class=\"screen-reader-text\"> \u00abApertura del 53\u00ba Per\u00edodo de Sesiones Ordinarias\u00bb<\/span><\/a><\/p>\n","protected":false},"author":12,"featured_media":0,"comment_status":"closed","ping_status":"closed","sticky":false,"template":"","format":"standard","meta":{"ngg_post_thumbnail":0},"categories":[1],"tags":[],"_links":{"self":[{"href":"http:\/\/www.htcformosa.gob.ar\/index.php?rest_route=\/wp\/v2\/posts\/7788"}],"collection":[{"href":"http:\/\/www.htcformosa.gob.ar\/index.php?rest_route=\/wp\/v2\/posts"}],"about":[{"href":"http:\/\/www.htcformosa.gob.ar\/index.php?rest_route=\/wp\/v2\/types\/post"}],"author":[{"embeddable":true,"href":"http:\/\/www.htcformosa.gob.ar\/index.php?rest_route=\/wp\/v2\/users\/12"}],"replies":[{"embeddable":true,"href":"http:\/\/www.htcformosa.gob.ar\/index.php?rest_route=%2Fwp%2Fv2%2Fcomments&post=7788"}],"version-history":[{"count":1,"href":"http:\/\/www.htcformosa.gob.ar\/index.php?rest_route=\/wp\/v2\/posts\/7788\/revisions"}],"predecessor-version":[{"id":7789,"href":"http:\/\/www.htcformosa.gob.ar\/index.php?rest_route=\/wp\/v2\/posts\/7788\/revisions\/7789"}],"wp:attachment":[{"href":"http:\/\/www.htcformosa.gob.ar\/index.php?rest_route=%2Fwp%2Fv2%2Fmedia&parent=7788"}],"wp:term":[{"taxonomy":"category","embeddable":true,"href":"http:\/\/www.htcformosa.gob.ar\/index.php?rest_route=%2Fwp%2Fv2%2Fcategories&post=7788"},{"taxonomy":"post_tag","embeddable":true,"href":"http:\/\/www.htcformosa.gob.ar\/index.php?rest_route=%2Fwp%2Fv2%2Ftags&post=7788"}],"curies":[{"name":"wp","href":"https:\/\/api.w.org\/{rel}","templated":true}]}}