{"id":8417,"date":"2026-08-28T13:41:22","date_gmt":"2026-08-28T13:41:22","guid":{"rendered":"https:\/\/www.htcformosa.gob.ar\/?p=8417"},"modified":"2026-08-31T11:18:26","modified_gmt":"2026-08-31T11:18:26","slug":"%f0%9f%a4%9d-fortaleciendo-la-cooperacion-institucional-para-una-gestion-publica-mas-eficiente-y-transparente","status":"publish","type":"post","link":"https:\/\/www.htcformosa.gob.ar\/?p=8417","title":{"rendered":"&#x1f91d; Fortaleciendo la cooperaci\u00f3n institucional para una gesti\u00f3n p\u00fablica m\u00e1s eficiente y transparente"},"content":{"rendered":"<p style=\"text-align: justify;\">Autoridades del Tribunal de Cuentas de la Provincia de Formosa mantuvieron una reuni\u00f3n de trabajo con el Ministro de Desarrollo Humano, Dr. Juan Carlos Atencia, y el Subsecretario de Gesti\u00f3n Administrativa y Recursos, C.P. Leandro Greco.<\/p>\n<p style=\"text-align: justify;\">&#x1f4ac; Durante el encuentro se abordaron las disposiciones vigentes y los mecanismos orientados a garantizar una correcta administraci\u00f3n de los recursos p\u00fablicos, reafirmando el compromiso de continuar fortaleciendo la cooperaci\u00f3n institucional y el trabajo articulado entre ambos organismos, en el marco de sus respectivas competencias.<\/p>\n<p><!--more--><\/p>\n<!-- default-view.php -->\n<div\n\tclass=\"ngg-galleryoverview default-view \"\n\tid=\"ngg-gallery-edb1c5e85039b24e9fbffc99a07c9aa7-1\">\n\n\t\t<!-- Thumbnails -->\n\t\t\t\t<div id=\"ngg-image-0\" class=\"ngg-gallery-thumbnail-box \" >\n\t\t\t\t        <div class=\"ngg-gallery-thumbnail\">\n            <a href=\"https:\/\/www.htcformosa.gob.ar\/wp-content\/gallery\/reunion-vocalia-a\/WhatsApp-Image-2026-08-31-at-08.11.04-1.jpeg\"\n               title=\"\"\n               data-src=\"https:\/\/www.htcformosa.gob.ar\/wp-content\/gallery\/reunion-vocalia-a\/WhatsApp-Image-2026-08-31-at-08.11.04-1.jpeg\"\n               data-thumbnail=\"https:\/\/www.htcformosa.gob.ar\/wp-content\/gallery\/reunion-vocalia-a\/thumbs\/thumbs_WhatsApp-Image-2026-08-31-at-08.11.04-1.jpeg\"\n               data-image-id=\"1763\"\n               data-title=\"WhatsApp-Image-2026-08-31-at-08.11.04-1\"\n               data-description=\"\"\n               data-image-slug=\"whatsapp-image-2026-08-31-at-08-11-04-1\"\n               class=\"ngg-simplelightbox\" rel=\"edb1c5e85039b24e9fbffc99a07c9aa7\">\n                <img\n                    title=\"WhatsApp-Image-2026-08-31-at-08.11.04-1\"\n                    alt=\"WhatsApp-Image-2026-08-31-at-08.11.04-1\"\n                    src=\"https:\/\/www.htcformosa.gob.ar\/wp-content\/gallery\/reunion-vocalia-a\/thumbs\/thumbs_WhatsApp-Image-2026-08-31-at-08.11.04-1.jpeg\"\n                    width=\"240\"\n                    height=\"160\"\n                    style=\"max-width:100%;\"\n                \/>\n            <\/a>\n        <\/div>\n\t\t\t\t\t\t\t<\/div> \n\t\t\t\n\t\t\t\t<div id=\"ngg-image-1\" class=\"ngg-gallery-thumbnail-box \" >\n\t\t\t\t        <div class=\"ngg-gallery-thumbnail\">\n            <a href=\"https:\/\/www.htcformosa.gob.ar\/wp-content\/gallery\/reunion-vocalia-a\/WhatsApp-Image-2026-08-31-at-08.11.04-2.jpeg\"\n               title=\"\"\n               data-src=\"https:\/\/www.htcformosa.gob.ar\/wp-content\/gallery\/reunion-vocalia-a\/WhatsApp-Image-2026-08-31-at-08.11.04-2.jpeg\"\n               data-thumbnail=\"https:\/\/www.htcformosa.gob.ar\/wp-content\/gallery\/reunion-vocalia-a\/thumbs\/thumbs_WhatsApp-Image-2026-08-31-at-08.11.04-2.jpeg\"\n               data-image-id=\"1766\"\n               data-title=\"WhatsApp-Image-2026-08-31-at-08.11.04-2\"\n               data-description=\"\"\n               data-image-slug=\"whatsapp-image-2026-08-31-at-08-11-04-2\"\n               class=\"ngg-simplelightbox\" rel=\"edb1c5e85039b24e9fbffc99a07c9aa7\">\n                <img\n                    title=\"WhatsApp-Image-2026-08-31-at-08.11.04-2\"\n                    alt=\"WhatsApp-Image-2026-08-31-at-08.11.04-2\"\n                    src=\"https:\/\/www.htcformosa.gob.ar\/wp-content\/gallery\/reunion-vocalia-a\/thumbs\/thumbs_WhatsApp-Image-2026-08-31-at-08.11.04-2.jpeg\"\n                    width=\"240\"\n                    height=\"160\"\n                    style=\"max-width:100%;\"\n                \/>\n            <\/a>\n        <\/div>\n\t\t\t\t\t\t\t<\/div> \n\t\t\t\n\t\t\t\t<div id=\"ngg-image-2\" class=\"ngg-gallery-thumbnail-box \" >\n\t\t\t\t        <div class=\"ngg-gallery-thumbnail\">\n            <a href=\"https:\/\/www.htcformosa.gob.ar\/wp-content\/gallery\/reunion-vocalia-a\/WhatsApp-Image-2026-08-31-at-08.11.02.jpeg\"\n               title=\"\"\n               data-src=\"https:\/\/www.htcformosa.gob.ar\/wp-content\/gallery\/reunion-vocalia-a\/WhatsApp-Image-2026-08-31-at-08.11.02.jpeg\"\n               data-thumbnail=\"https:\/\/www.htcformosa.gob.ar\/wp-content\/gallery\/reunion-vocalia-a\/thumbs\/thumbs_WhatsApp-Image-2026-08-31-at-08.11.02.jpeg\"\n               data-image-id=\"1760\"\n               data-title=\"WhatsApp-Image-2026-08-31-at-08.11.02\"\n               data-description=\"\"\n               data-image-slug=\"whatsapp-image-2026-08-31-at-08-11-02\"\n               class=\"ngg-simplelightbox\" rel=\"edb1c5e85039b24e9fbffc99a07c9aa7\">\n                <img\n                    title=\"WhatsApp-Image-2026-08-31-at-08.11.02\"\n                    alt=\"WhatsApp-Image-2026-08-31-at-08.11.02\"\n                    src=\"https:\/\/www.htcformosa.gob.ar\/wp-content\/gallery\/reunion-vocalia-a\/thumbs\/thumbs_WhatsApp-Image-2026-08-31-at-08.11.02.jpeg\"\n                    width=\"240\"\n                    height=\"160\"\n                    style=\"max-width:100%;\"\n                \/>\n            <\/a>\n        <\/div>\n\t\t\t\t\t\t\t<\/div> \n\t\t\t\n\t\t\t\t<div id=\"ngg-image-3\" class=\"ngg-gallery-thumbnail-box \" >\n\t\t\t\t        <div class=\"ngg-gallery-thumbnail\">\n            <a href=\"https:\/\/www.htcformosa.gob.ar\/wp-content\/gallery\/reunion-vocalia-a\/WhatsApp-Image-2026-08-31-at-08.11.03.jpeg\"\n               title=\"\"\n               data-src=\"https:\/\/www.htcformosa.gob.ar\/wp-content\/gallery\/reunion-vocalia-a\/WhatsApp-Image-2026-08-31-at-08.11.03.jpeg\"\n               data-thumbnail=\"https:\/\/www.htcformosa.gob.ar\/wp-content\/gallery\/reunion-vocalia-a\/thumbs\/thumbs_WhatsApp-Image-2026-08-31-at-08.11.03.jpeg\"\n               data-image-id=\"1761\"\n               data-title=\"WhatsApp-Image-2026-08-31-at-08.11.03\"\n               data-description=\"\"\n               data-image-slug=\"whatsapp-image-2026-08-31-at-08-11-03\"\n               class=\"ngg-simplelightbox\" rel=\"edb1c5e85039b24e9fbffc99a07c9aa7\">\n                <img\n                    title=\"WhatsApp-Image-2026-08-31-at-08.11.03\"\n                    alt=\"WhatsApp-Image-2026-08-31-at-08.11.03\"\n                    src=\"https:\/\/www.htcformosa.gob.ar\/wp-content\/gallery\/reunion-vocalia-a\/thumbs\/thumbs_WhatsApp-Image-2026-08-31-at-08.11.03.jpeg\"\n                    width=\"240\"\n                    height=\"160\"\n                    style=\"max-width:100%;\"\n                \/>\n            <\/a>\n        <\/div>\n\t\t\t\t\t\t\t<\/div> \n\t\t\t\n\t\t\t\t<div id=\"ngg-image-4\" class=\"ngg-gallery-thumbnail-box \" >\n\t\t\t\t        <div class=\"ngg-gallery-thumbnail\">\n            <a href=\"https:\/\/www.htcformosa.gob.ar\/wp-content\/gallery\/reunion-vocalia-a\/WhatsApp-Image-2026-08-31-at-08.11.05.jpeg\"\n               title=\"\"\n               data-src=\"https:\/\/www.htcformosa.gob.ar\/wp-content\/gallery\/reunion-vocalia-a\/WhatsApp-Image-2026-08-31-at-08.11.05.jpeg\"\n               data-thumbnail=\"https:\/\/www.htcformosa.gob.ar\/wp-content\/gallery\/reunion-vocalia-a\/thumbs\/thumbs_WhatsApp-Image-2026-08-31-at-08.11.05.jpeg\"\n               data-image-id=\"1762\"\n               data-title=\"WhatsApp-Image-2026-08-31-at-08.11.05\"\n               data-description=\"\"\n               data-image-slug=\"whatsapp-image-2026-08-31-at-08-11-05\"\n               class=\"ngg-simplelightbox\" rel=\"edb1c5e85039b24e9fbffc99a07c9aa7\">\n                <img\n                    title=\"WhatsApp-Image-2026-08-31-at-08.11.05\"\n                    alt=\"WhatsApp-Image-2026-08-31-at-08.11.05\"\n                    src=\"https:\/\/www.htcformosa.gob.ar\/wp-content\/gallery\/reunion-vocalia-a\/thumbs\/thumbs_WhatsApp-Image-2026-08-31-at-08.11.05.jpeg\"\n                    width=\"240\"\n                    height=\"160\"\n                    style=\"max-width:100%;\"\n                \/>\n            <\/a>\n        <\/div>\n\t\t\t\t\t\t\t<\/div> \n\t\t\t\n\t\t\t\t<div id=\"ngg-image-5\" class=\"ngg-gallery-thumbnail-box \" >\n\t\t\t\t        <div class=\"ngg-gallery-thumbnail\">\n            <a href=\"https:\/\/www.htcformosa.gob.ar\/wp-content\/gallery\/reunion-vocalia-a\/WhatsApp-Image-2026-08-31-at-08.11.03-1.jpeg\"\n               title=\"\"\n               data-src=\"https:\/\/www.htcformosa.gob.ar\/wp-content\/gallery\/reunion-vocalia-a\/WhatsApp-Image-2026-08-31-at-08.11.03-1.jpeg\"\n               data-thumbnail=\"https:\/\/www.htcformosa.gob.ar\/wp-content\/gallery\/reunion-vocalia-a\/thumbs\/thumbs_WhatsApp-Image-2026-08-31-at-08.11.03-1.jpeg\"\n               data-image-id=\"1764\"\n               data-title=\"WhatsApp-Image-2026-08-31-at-08.11.03-1\"\n               data-description=\"\"\n               data-image-slug=\"whatsapp-image-2026-08-31-at-08-11-03-1\"\n               class=\"ngg-simplelightbox\" rel=\"edb1c5e85039b24e9fbffc99a07c9aa7\">\n                <img\n                    title=\"WhatsApp-Image-2026-08-31-at-08.11.03-1\"\n                    alt=\"WhatsApp-Image-2026-08-31-at-08.11.03-1\"\n                    src=\"https:\/\/www.htcformosa.gob.ar\/wp-content\/gallery\/reunion-vocalia-a\/thumbs\/thumbs_WhatsApp-Image-2026-08-31-at-08.11.03-1.jpeg\"\n                    width=\"240\"\n                    height=\"160\"\n                    style=\"max-width:100%;\"\n                \/>\n            <\/a>\n        <\/div>\n\t\t\t\t\t\t\t<\/div> \n\t\t\t\n\t\t\t\t<div id=\"ngg-image-6\" class=\"ngg-gallery-thumbnail-box \" >\n\t\t\t\t        <div class=\"ngg-gallery-thumbnail\">\n            <a href=\"https:\/\/www.htcformosa.gob.ar\/wp-content\/gallery\/reunion-vocalia-a\/WhatsApp-Image-2026-08-31-at-08.11.02-1.jpeg\"\n               title=\"\"\n               data-src=\"https:\/\/www.htcformosa.gob.ar\/wp-content\/gallery\/reunion-vocalia-a\/WhatsApp-Image-2026-08-31-at-08.11.02-1.jpeg\"\n               data-thumbnail=\"https:\/\/www.htcformosa.gob.ar\/wp-content\/gallery\/reunion-vocalia-a\/thumbs\/thumbs_WhatsApp-Image-2026-08-31-at-08.11.02-1.jpeg\"\n               data-image-id=\"1765\"\n               data-title=\"WhatsApp-Image-2026-08-31-at-08.11.02-1\"\n               data-description=\"\"\n               data-image-slug=\"whatsapp-image-2026-08-31-at-08-11-02-1\"\n               class=\"ngg-simplelightbox\" rel=\"edb1c5e85039b24e9fbffc99a07c9aa7\">\n                <img\n                    title=\"WhatsApp-Image-2026-08-31-at-08.11.02-1\"\n                    alt=\"WhatsApp-Image-2026-08-31-at-08.11.02-1\"\n                    src=\"https:\/\/www.htcformosa.gob.ar\/wp-content\/gallery\/reunion-vocalia-a\/thumbs\/thumbs_WhatsApp-Image-2026-08-31-at-08.11.02-1.jpeg\"\n                    width=\"240\"\n                    height=\"160\"\n                    style=\"max-width:100%;\"\n                \/>\n            <\/a>\n        <\/div>\n\t\t\t\t\t\t\t<\/div> \n\t\t\t\n\t\t\t\t<div id=\"ngg-image-7\" class=\"ngg-gallery-thumbnail-box \" >\n\t\t\t\t        <div class=\"ngg-gallery-thumbnail\">\n            <a href=\"https:\/\/www.htcformosa.gob.ar\/wp-content\/gallery\/reunion-vocalia-a\/WhatsApp-Image-2026-08-31-at-08.11.04.jpeg\"\n               title=\"\"\n               data-src=\"https:\/\/www.htcformosa.gob.ar\/wp-content\/gallery\/reunion-vocalia-a\/WhatsApp-Image-2026-08-31-at-08.11.04.jpeg\"\n               data-thumbnail=\"https:\/\/www.htcformosa.gob.ar\/wp-content\/gallery\/reunion-vocalia-a\/thumbs\/thumbs_WhatsApp-Image-2026-08-31-at-08.11.04.jpeg\"\n               data-image-id=\"1767\"\n               data-title=\"WhatsApp-Image-2026-08-31-at-08.11.04\"\n               data-description=\"\"\n               data-image-slug=\"whatsapp-image-2026-08-31-at-08-11-04-2\"\n               class=\"ngg-simplelightbox\" rel=\"edb1c5e85039b24e9fbffc99a07c9aa7\">\n                <img\n                    title=\"WhatsApp-Image-2026-08-31-at-08.11.04\"\n                    alt=\"WhatsApp-Image-2026-08-31-at-08.11.04\"\n                    src=\"https:\/\/www.htcformosa.gob.ar\/wp-content\/gallery\/reunion-vocalia-a\/thumbs\/thumbs_WhatsApp-Image-2026-08-31-at-08.11.04.jpeg\"\n                    width=\"240\"\n                    height=\"160\"\n                    style=\"max-width:100%;\"\n                \/>\n            <\/a>\n        <\/div>\n\t\t\t\t\t\t\t<\/div> \n\t\t\t\n\t\n\t<br style=\"clear: both\" \/>\n\n\t\n\t\t<!-- Pagination -->\n\t<div class='ngg-clear'><\/div>\t<\/div>\n\n<p style=\"text-align: justify;\">&#x1f465; En representaci\u00f3n del Tribunal de Cuentas participaron el Juez de Tr\u00e1mite de la Vocal\u00eda \u00abA\u00bb, C.P. Andr\u00e9s Pablo Ben\u00edtez; la Supervisora, C.P. Graciela B\u00e1ez; las&nbsp; Referentes Legales, Dra. Karina S\u00e1nchez y Dra. N\u00e9lida Enciso; y el Delegado Fiscal, C.P. Omar Lucero.<\/p>\n<p style=\"text-align: justify;\">&#x2728; Continuamos promoviendo el di\u00e1logo, la cooperaci\u00f3n y el fortalecimiento institucional como pilares de una gesti\u00f3n p\u00fablica responsable y transparente<\/p>\n","protected":false},"excerpt":{"rendered":"<p>Autoridades del Tribunal de Cuentas de la Provincia de Formosa mantuvieron una reuni\u00f3n de trabajo con el Ministro de Desarrollo Humano, Dr. Juan Carlos Atencia, y el Subsecretario de Gesti\u00f3n Administrativa y Recursos, C.P. Leandro Greco. &#x1f4ac; Durante el encuentro se abordaron las disposiciones vigentes y los mecanismos orientados a garantizar una correcta administraci\u00f3n de &hellip; <\/p>\n<p class=\"link-more\"><a href=\"https:\/\/www.htcformosa.gob.ar\/?p=8417\" class=\"more-link\">Continuar leyendo<span class=\"screen-reader-text\"> \u00ab&#x1f91d; Fortaleciendo la cooperaci\u00f3n institucional para una gesti\u00f3n p\u00fablica m\u00e1s eficiente y transparente\u00bb<\/span><\/a><\/p>\n","protected":false},"author":12,"featured_media":0,"comment_status":"closed","ping_status":"closed","sticky":false,"template":"","format":"standard","meta":{"ngg_post_thumbnail":0},"categories":[1],"tags":[],"_links":{"self":[{"href":"https:\/\/www.htcformosa.gob.ar\/index.php?rest_route=\/wp\/v2\/posts\/8417"}],"collection":[{"href":"https:\/\/www.htcformosa.gob.ar\/index.php?rest_route=\/wp\/v2\/posts"}],"about":[{"href":"https:\/\/www.htcformosa.gob.ar\/index.php?rest_route=\/wp\/v2\/types\/post"}],"author":[{"embeddable":true,"href":"https:\/\/www.htcformosa.gob.ar\/index.php?rest_route=\/wp\/v2\/users\/12"}],"replies":[{"embeddable":true,"href":"https:\/\/www.htcformosa.gob.ar\/index.php?rest_route=%2Fwp%2Fv2%2Fcomments&post=8417"}],"version-history":[{"count":1,"href":"https:\/\/www.htcformosa.gob.ar\/index.php?rest_route=\/wp\/v2\/posts\/8417\/revisions"}],"predecessor-version":[{"id":8418,"href":"https:\/\/www.htcformosa.gob.ar\/index.php?rest_route=\/wp\/v2\/posts\/8417\/revisions\/8418"}],"wp:attachment":[{"href":"https:\/\/www.htcformosa.gob.ar\/index.php?rest_route=%2Fwp%2Fv2%2Fmedia&parent=8417"}],"wp:term":[{"taxonomy":"category","embeddable":true,"href":"https:\/\/www.htcformosa.gob.ar\/index.php?rest_route=%2Fwp%2Fv2%2Fcategories&post=8417"},{"taxonomy":"post_tag","embeddable":true,"href":"https:\/\/www.htcformosa.gob.ar\/index.php?rest_route=%2Fwp%2Fv2%2Ftags&post=8417"}],"curies":[{"name":"wp","href":"https:\/\/api.w.org\/{rel}","templated":true}]}}